{"id":650,"date":"2021-09-18T20:17:13","date_gmt":"2021-09-18T18:17:13","guid":{"rendered":"http:\/\/reparenjalles.saintmedardasso.fr\/?p=650"},"modified":"2021-09-20T08:19:22","modified_gmt":"2021-09-20T06:19:22","slug":"reprise-des-activites-2","status":"publish","type":"post","link":"https:\/\/reparenjalles.saintmedardasso.fr\/?p=650","title":{"rendered":"Reprise des activit\u00e9s"},"content":{"rendered":"<p>R\u00e9par&rsquo;en Jalles a repris ses activit\u00e9s ce samedi 18 septembre 2021.<br>De nouveaux objets ont pu \u00eatre r\u00e9par\u00e9s.<br>Parmi ceux-ci : tireuse \u00e0 bi\u00e8re, cafeti\u00e8re, v\u00e9lo, perceuse, batteur, grille-pain &#8230; ont pu reprendre du service et ne pas g\u00e9n\u00e9rer de d\u00e9chets.<br>L&rsquo;organisation des rendez-vous permet de diminuer le temps d&rsquo;attente et d&rsquo;\u00e9viter la pr\u00e9sence simultan\u00e9e d&rsquo;un trop grand nombre de personnes.<br>Merci \u00e0 tous les b\u00e9n\u00e9voles pour leur implication.<\/p>\n<p><a href=\"https:\/\/reparenjalles.saintmedardasso.fr\/wp-content\/uploads\/2021\/09\/IMG_3135.jpg\"><img loading=\"lazy\" decoding=\"async\" class=\"alignnone size-full wp-image-651\" src=\"https:\/\/reparenjalles.saintmedardasso.fr\/wp-content\/uploads\/2021\/09\/IMG_3135.jpg\" alt=\"\" width=\"1008\" height=\"756\" srcset=\"https:\/\/reparenjalles.saintmedardasso.fr\/wp-content\/uploads\/2021\/09\/IMG_3135.jpg 1008w, https:\/\/reparenjalles.saintmedardasso.fr\/wp-content\/uploads\/2021\/09\/IMG_3135-300x225.jpg 300w, https:\/\/reparenjalles.saintmedardasso.fr\/wp-content\/uploads\/2021\/09\/IMG_3135-768x576.jpg 768w\" sizes=\"auto, (max-width: 1008px) 100vw, 1008px\" \/><\/a><\/p>\n<p><\/p>\n<p><a href=\"https:\/\/reparenjalles.saintmedardasso.fr\/wp-content\/uploads\/2021\/09\/IMG_3140.jpg\"><img loading=\"lazy\" decoding=\"async\" class=\"alignnone size-full wp-image-652\" src=\"https:\/\/reparenjalles.saintmedardasso.fr\/wp-content\/uploads\/2021\/09\/IMG_3140.jpg\" alt=\"\" width=\"1008\" height=\"756\" srcset=\"https:\/\/reparenjalles.saintmedardasso.fr\/wp-content\/uploads\/2021\/09\/IMG_3140.jpg 1008w, https:\/\/reparenjalles.saintmedardasso.fr\/wp-content\/uploads\/2021\/09\/IMG_3140-300x225.jpg 300w, https:\/\/reparenjalles.saintmedardasso.fr\/wp-content\/uploads\/2021\/09\/IMG_3140-768x576.jpg 768w\" sizes=\"auto, (max-width: 1008px) 100vw, 1008px\" \/><\/a><\/p>\n\n\n<p><\/p>\n","protected":false},"excerpt":{"rendered":"<p>R\u00e9par&rsquo;en Jalles a repris ses activit\u00e9s ce samedi 18 septembre 2021.De nouveaux objets ont pu \u00eatre r\u00e9par\u00e9s.Parmi ceux-ci : tireuse \u00e0 bi\u00e8re, cafeti\u00e8re, v\u00e9lo, perceuse, batteur, grille-pain &#8230; ont pu reprendre du service et ne pas g\u00e9n\u00e9rer de d\u00e9chets.L&rsquo;organisation des rendez-vous permet de diminuer le temps d&rsquo;attente et d&rsquo;\u00e9viter la pr\u00e9sence simultan\u00e9e d&rsquo;un trop grand &hellip; <a href=\"https:\/\/reparenjalles.saintmedardasso.fr\/?p=650\" class=\"more-link\">Continuer la lecture de <span class=\"screen-reader-text\">Reprise des activit\u00e9s<\/span>  <span class=\"meta-nav\">&rarr;<\/span><\/a><\/p>\n","protected":false},"author":7,"featured_media":0,"comment_status":"closed","ping_status":"closed","sticky":false,"template":"","format":"standard","meta":{"footnotes":""},"categories":[1],"tags":[],"class_list":["post-650","post","type-post","status-publish","format-standard","hentry","category-non-classe"],"_links":{"self":[{"href":"https:\/\/reparenjalles.saintmedardasso.fr\/index.php?rest_route=\/wp\/v2\/posts\/650","targetHints":{"allow":["GET"]}}],"collection":[{"href":"https:\/\/reparenjalles.saintmedardasso.fr\/index.php?rest_route=\/wp\/v2\/posts"}],"about":[{"href":"https:\/\/reparenjalles.saintmedardasso.fr\/index.php?rest_route=\/wp\/v2\/types\/post"}],"author":[{"embeddable":true,"href":"https:\/\/reparenjalles.saintmedardasso.fr\/index.php?rest_route=\/wp\/v2\/users\/7"}],"replies":[{"embeddable":true,"href":"https:\/\/reparenjalles.saintmedardasso.fr\/index.php?rest_route=%2Fwp%2Fv2%2Fcomments&post=650"}],"version-history":[{"count":0,"href":"https:\/\/reparenjalles.saintmedardasso.fr\/index.php?rest_route=\/wp\/v2\/posts\/650\/revisions"}],"wp:attachment":[{"href":"https:\/\/reparenjalles.saintmedardasso.fr\/index.php?rest_route=%2Fwp%2Fv2%2Fmedia&parent=650"}],"wp:term":[{"taxonomy":"category","embeddable":true,"href":"https:\/\/reparenjalles.saintmedardasso.fr\/index.php?rest_route=%2Fwp%2Fv2%2Fcategories&post=650"},{"taxonomy":"post_tag","embeddable":true,"href":"https:\/\/reparenjalles.saintmedardasso.fr\/index.php?rest_route=%2Fwp%2Fv2%2Ftags&post=650"}],"curies":[{"name":"wp","href":"https:\/\/api.w.org\/{rel}","templated":true}]}}