{"id":501,"date":"2020-09-22T09:07:32","date_gmt":"2020-09-22T07:07:32","guid":{"rendered":"http:\/\/reparenjalles.saintmedardasso.fr\/?p=501"},"modified":"2020-09-22T09:07:32","modified_gmt":"2020-09-22T07:07:32","slug":"reprise-des-activites","status":"publish","type":"post","link":"https:\/\/reparenjalles.saintmedardasso.fr\/?p=501","title":{"rendered":"Reprise des activit\u00e9s"},"content":{"rendered":"\n<figure class=\"wp-block-image\"><img loading=\"lazy\" decoding=\"async\" width=\"1024\" height=\"695\" src=\"https:\/\/reparenjalles.saintmedardasso.fr\/wp-content\/uploads\/2020\/09\/IMG_E0489-1024x695.jpg\" alt=\"\" class=\"wp-image-500\" srcset=\"https:\/\/reparenjalles.saintmedardasso.fr\/wp-content\/uploads\/2020\/09\/IMG_E0489-1024x695.jpg 1024w, https:\/\/reparenjalles.saintmedardasso.fr\/wp-content\/uploads\/2020\/09\/IMG_E0489-300x203.jpg 300w, https:\/\/reparenjalles.saintmedardasso.fr\/wp-content\/uploads\/2020\/09\/IMG_E0489-768x521.jpg 768w, https:\/\/reparenjalles.saintmedardasso.fr\/wp-content\/uploads\/2020\/09\/IMG_E0489.jpg 1834w\" sizes=\"auto, (max-width: 1024px) 100vw, 1024px\" \/><figcaption>Apr\u00e8s une longue p\u00e9riode, R\u00e9par&rsquo;en Jalles a repris ses activit\u00e9s samedi 17\/09\/2020.<br>Un protocole a \u00e9t\u00e9 mis en place pour respecter les mesures sanitaires et prot\u00e9ger les adh\u00e9rents et les r\u00e9parateurs.<br>Nous avons pu accueillir 21 personnes sur rendez-vous et les aider \u00e0 r\u00e9parer leur objet ou \u00e0 diagnostiquer la  panne.<\/figcaption><\/figure>\n","protected":false},"excerpt":{"rendered":"","protected":false},"author":7,"featured_media":0,"comment_status":"closed","ping_status":"closed","sticky":false,"template":"","format":"standard","meta":{"footnotes":""},"categories":[1],"tags":[],"class_list":["post-501","post","type-post","status-publish","format-standard","hentry","category-non-classe"],"_links":{"self":[{"href":"https:\/\/reparenjalles.saintmedardasso.fr\/index.php?rest_route=\/wp\/v2\/posts\/501","targetHints":{"allow":["GET"]}}],"collection":[{"href":"https:\/\/reparenjalles.saintmedardasso.fr\/index.php?rest_route=\/wp\/v2\/posts"}],"about":[{"href":"https:\/\/reparenjalles.saintmedardasso.fr\/index.php?rest_route=\/wp\/v2\/types\/post"}],"author":[{"embeddable":true,"href":"https:\/\/reparenjalles.saintmedardasso.fr\/index.php?rest_route=\/wp\/v2\/users\/7"}],"replies":[{"embeddable":true,"href":"https:\/\/reparenjalles.saintmedardasso.fr\/index.php?rest_route=%2Fwp%2Fv2%2Fcomments&post=501"}],"version-history":[{"count":0,"href":"https:\/\/reparenjalles.saintmedardasso.fr\/index.php?rest_route=\/wp\/v2\/posts\/501\/revisions"}],"wp:attachment":[{"href":"https:\/\/reparenjalles.saintmedardasso.fr\/index.php?rest_route=%2Fwp%2Fv2%2Fmedia&parent=501"}],"wp:term":[{"taxonomy":"category","embeddable":true,"href":"https:\/\/reparenjalles.saintmedardasso.fr\/index.php?rest_route=%2Fwp%2Fv2%2Fcategories&post=501"},{"taxonomy":"post_tag","embeddable":true,"href":"https:\/\/reparenjalles.saintmedardasso.fr\/index.php?rest_route=%2Fwp%2Fv2%2Ftags&post=501"}],"curies":[{"name":"wp","href":"https:\/\/api.w.org\/{rel}","templated":true}]}}