{"id":430,"date":"2020-02-05T16:14:31","date_gmt":"2020-02-05T14:14:31","guid":{"rendered":"http:\/\/reparenjalles.saintmedardasso.fr\/?p=430"},"modified":"2022-09-20T17:05:37","modified_gmt":"2022-09-20T15:05:37","slug":"atelier-de-reparation-du-mardi-04-fevrier-2020","status":"publish","type":"post","link":"https:\/\/reparenjalles.saintmedardasso.fr\/?p=430","title":{"rendered":"Atelier de r\u00e9paration du mardi 04 F\u00e9vrier 2020"},"content":{"rendered":"\r\n<blockquote class=\"wp-block-quote is-layout-flow wp-block-quote-is-layout-flow\">\r\n<p>La soir\u00e9e de r\u00e9paration de ce mardi nous conforte dans l&rsquo;id\u00e9e de diversifier les moments d&rsquo;ouverture des ateliers.<\/p>\r\n<\/blockquote>\r\n\r\n\r\n\r\n<figure class=\"wp-block-image is-resized\"><img loading=\"lazy\" decoding=\"async\" class=\"wp-image-431\" src=\"https:\/\/reparenjalles.saintmedardasso.fr\/wp-content\/uploads\/2020\/02\/IMG_0969-1024x768.jpg\" alt=\"\" width=\"591\" height=\"443\" srcset=\"https:\/\/reparenjalles.saintmedardasso.fr\/wp-content\/uploads\/2020\/02\/IMG_0969-1024x768.jpg 1024w, https:\/\/reparenjalles.saintmedardasso.fr\/wp-content\/uploads\/2020\/02\/IMG_0969-300x225.jpg 300w, https:\/\/reparenjalles.saintmedardasso.fr\/wp-content\/uploads\/2020\/02\/IMG_0969-768x576.jpg 768w, https:\/\/reparenjalles.saintmedardasso.fr\/wp-content\/uploads\/2020\/02\/IMG_0969.jpg 1200w\" sizes=\"auto, (max-width: 591px) 100vw, 591px\" \/><\/figure>\r\n\r\n\r\n\r\n<blockquote class=\"wp-block-quote is-layout-flow wp-block-quote-is-layout-flow\">\r\n<p>11 b\u00e9n\u00e9voles \u00e9taient pr\u00e9sents (2 pour l&rsquo;accueil et 9 pour la r\u00e9paration).<\/p>\r\n<p>15 adh\u00e9rents ont particip\u00e9 \u00e0 cette soir\u00e9e.<\/p>\r\n<p>12 objets ont \u00e9t\u00e9 r\u00e9par\u00e9s + 5 objets diagnostiqu\u00e9s et en cours de r\u00e9paration.<\/p>\r\n<p>Nous avons eu la visite d&rsquo;une jeune journaliste de <a href=\"https:\/\/www.bordeaux-gazette.com\/donnez-une-seconde-vie-a-vos-objets.html\" target=\"_blank\" rel=\"noreferrer noopener\" aria-label=\"Bordeaux Gazette (s\u2019ouvre dans un nouvel onglet)\">Bordeaux Gazette<\/a> qui a interrog\u00e9 les un.e.s et les autres dans le but de r\u00e9diger un article sur R\u00e9par&rsquo;en Jalles.<br \/>Merci \u00e0 toutes et tous.<\/p>\r\n<cite> <\/cite><\/blockquote>\r\n","protected":false},"excerpt":{"rendered":"<p>La soir\u00e9e de r\u00e9paration de ce mardi nous conforte dans l&rsquo;id\u00e9e de diversifier les moments d&rsquo;ouverture des ateliers. 11 b\u00e9n\u00e9voles \u00e9taient pr\u00e9sents (2 pour l&rsquo;accueil et 9 pour la r\u00e9paration). 15 adh\u00e9rents ont particip\u00e9 \u00e0 cette soir\u00e9e. 12 objets ont \u00e9t\u00e9 r\u00e9par\u00e9s + 5 objets diagnostiqu\u00e9s et en cours de r\u00e9paration. Nous avons eu la &hellip; <a href=\"https:\/\/reparenjalles.saintmedardasso.fr\/?p=430\" class=\"more-link\">Continuer la lecture de <span class=\"screen-reader-text\">Atelier de r\u00e9paration du mardi 04 F\u00e9vrier 2020<\/span>  <span class=\"meta-nav\">&rarr;<\/span><\/a><\/p>\n","protected":false},"author":7,"featured_media":0,"comment_status":"closed","ping_status":"closed","sticky":false,"template":"","format":"standard","meta":{"footnotes":""},"categories":[5],"tags":[],"class_list":["post-430","post","type-post","status-publish","format-standard","hentry","category-journees-reparations"],"_links":{"self":[{"href":"https:\/\/reparenjalles.saintmedardasso.fr\/index.php?rest_route=\/wp\/v2\/posts\/430","targetHints":{"allow":["GET"]}}],"collection":[{"href":"https:\/\/reparenjalles.saintmedardasso.fr\/index.php?rest_route=\/wp\/v2\/posts"}],"about":[{"href":"https:\/\/reparenjalles.saintmedardasso.fr\/index.php?rest_route=\/wp\/v2\/types\/post"}],"author":[{"embeddable":true,"href":"https:\/\/reparenjalles.saintmedardasso.fr\/index.php?rest_route=\/wp\/v2\/users\/7"}],"replies":[{"embeddable":true,"href":"https:\/\/reparenjalles.saintmedardasso.fr\/index.php?rest_route=%2Fwp%2Fv2%2Fcomments&post=430"}],"version-history":[{"count":0,"href":"https:\/\/reparenjalles.saintmedardasso.fr\/index.php?rest_route=\/wp\/v2\/posts\/430\/revisions"}],"wp:attachment":[{"href":"https:\/\/reparenjalles.saintmedardasso.fr\/index.php?rest_route=%2Fwp%2Fv2%2Fmedia&parent=430"}],"wp:term":[{"taxonomy":"category","embeddable":true,"href":"https:\/\/reparenjalles.saintmedardasso.fr\/index.php?rest_route=%2Fwp%2Fv2%2Fcategories&post=430"},{"taxonomy":"post_tag","embeddable":true,"href":"https:\/\/reparenjalles.saintmedardasso.fr\/index.php?rest_route=%2Fwp%2Fv2%2Ftags&post=430"}],"curies":[{"name":"wp","href":"https:\/\/api.w.org\/{rel}","templated":true}]}}