{"id":37,"date":"2015-09-01T18:29:38","date_gmt":"2015-09-01T17:29:38","guid":{"rendered":"http:\/\/reparenjalles.saintmedardasso.fr\/?p=37"},"modified":"2017-06-01T14:10:10","modified_gmt":"2017-06-01T13:10:10","slug":"forum-des-associations-le-5-septembre-2015","status":"publish","type":"post","link":"https:\/\/reparenjalles.saintmedardasso.fr\/?p=37","title":{"rendered":"Forum des associations le 5 septembre 2015"},"content":{"rendered":"<h1 style=\"text-align: center; padding-left: 30px;\"><strong><span style=\"color: #339966;\">Venez\u00a0 rencontrer R\u00e9par &lsquo;en Jalles<br \/>\nau Forum des associations<br \/>\n<\/span><\/strong><strong><span style=\"color: #339966;\">de St M\u00e9dard en Jalles<\/span><\/strong><\/h1>\n<h1 style=\"text-align: center; padding-left: 30px;\"><strong><span style=\"color: #339966;\"><span style=\"text-decoration: underline;\">le 5 septembre 2015 de 10h \u00e0 18h<\/span><br \/>\ndans l&rsquo;enceinte du Carr\u00e9 des Jalles<\/span><\/strong><\/h1>\n<h2 style=\"text-align: center; padding-left: 30px;\"><strong><span style=\"color: #ff0000;\"> Apportez vos objets \u00e0 r\u00e9viser ou r\u00e9parer et nous ferons tout notre possible pour leur redonner une deuxi\u00e8me vie.<\/span> <\/strong><\/h2>\n","protected":false},"excerpt":{"rendered":"<p>Venez\u00a0 rencontrer R\u00e9par &lsquo;en Jalles au Forum des associations de St M\u00e9dard en Jalles le 5 septembre 2015 de 10h \u00e0 18h dans l&rsquo;enceinte du Carr\u00e9 des Jalles Apportez vos objets \u00e0 r\u00e9viser ou r\u00e9parer et nous ferons tout notre possible pour leur redonner une deuxi\u00e8me vie.<\/p>\n","protected":false},"author":7,"featured_media":0,"comment_status":"closed","ping_status":"closed","sticky":false,"template":"","format":"standard","meta":{"footnotes":""},"categories":[1],"tags":[],"class_list":["post-37","post","type-post","status-publish","format-standard","hentry","category-non-classe"],"_links":{"self":[{"href":"https:\/\/reparenjalles.saintmedardasso.fr\/index.php?rest_route=\/wp\/v2\/posts\/37","targetHints":{"allow":["GET"]}}],"collection":[{"href":"https:\/\/reparenjalles.saintmedardasso.fr\/index.php?rest_route=\/wp\/v2\/posts"}],"about":[{"href":"https:\/\/reparenjalles.saintmedardasso.fr\/index.php?rest_route=\/wp\/v2\/types\/post"}],"author":[{"embeddable":true,"href":"https:\/\/reparenjalles.saintmedardasso.fr\/index.php?rest_route=\/wp\/v2\/users\/7"}],"replies":[{"embeddable":true,"href":"https:\/\/reparenjalles.saintmedardasso.fr\/index.php?rest_route=%2Fwp%2Fv2%2Fcomments&post=37"}],"version-history":[{"count":0,"href":"https:\/\/reparenjalles.saintmedardasso.fr\/index.php?rest_route=\/wp\/v2\/posts\/37\/revisions"}],"wp:attachment":[{"href":"https:\/\/reparenjalles.saintmedardasso.fr\/index.php?rest_route=%2Fwp%2Fv2%2Fmedia&parent=37"}],"wp:term":[{"taxonomy":"category","embeddable":true,"href":"https:\/\/reparenjalles.saintmedardasso.fr\/index.php?rest_route=%2Fwp%2Fv2%2Fcategories&post=37"},{"taxonomy":"post_tag","embeddable":true,"href":"https:\/\/reparenjalles.saintmedardasso.fr\/index.php?rest_route=%2Fwp%2Fv2%2Ftags&post=37"}],"curies":[{"name":"wp","href":"https:\/\/api.w.org\/{rel}","templated":true}]}}