{"id":326,"date":"2019-01-21T20:26:08","date_gmt":"2019-01-21T18:26:08","guid":{"rendered":"http:\/\/reparenjalles.saintmedardasso.fr\/?p=326"},"modified":"2022-09-20T17:03:18","modified_gmt":"2022-09-20T15:03:18","slug":"journee-de-reparations-du-19-janvier-2019","status":"publish","type":"post","link":"https:\/\/reparenjalles.saintmedardasso.fr\/?p=326","title":{"rendered":"Journ\u00e9e de r\u00e9parations du 19 janvier 2019"},"content":{"rendered":"<div dir=\"ltr\">\n<div dir=\"ltr\">\n<div dir=\"ltr\">\n<div dir=\"ltr\">\n<div dir=\"ltr\" style=\"font-size: 13px; text-decoration: none; font-family: sans-serif; font-variant: normal; white-space: normal; word-spacing: 0px; text-transform: none; font-weight: 400; color: #222222; font-style: normal; text-align: left; letter-spacing: normal; background-color: transparent; text-indent: 0px;\">\n<div dir=\"ltr\">\n<div>&#8211; 44 objets examin\u00e9s, dont :<\/div>\n<div>&#8211; 28 objets r\u00e9par\u00e9s qui trouvent une nouvelle vie !<\/div>\n<div>&#8211; 15 objets diagnostiqu\u00e9s<\/div>\n<div>&#8211; 1 objet \u00e0 revoir pour test<\/div>\n<div><\/div>\n<\/div>\n<div>Comme au mois de novembre et d\u00e9cembre 2018 nous avons accueilli avec plaisir\u00a0 4 \u00e9l\u00e8ves de seconde du lyc\u00e9e Sud-M\u00e9doc pour leur stage en association. Peut-\u00eatre de futurs r\u00e9parateurs &#8230;.<\/div>\n<\/div>\n<div><\/div>\n<div dir=\"ltr\" style=\"font-size: 13px; text-decoration: none; font-family: sans-serif; font-variant: normal; white-space: normal; word-spacing: 0px; text-transform: none; font-weight: 400; color: #222222; font-style: normal; text-align: left; letter-spacing: normal; background-color: transparent; text-indent: 0px;\">\n<div><a href=\"https:\/\/reparenjalles.saintmedardasso.fr\/wp-content\/uploads\/2019\/01\/IMG_0539-ReJ-Xavier-t-shirt-et-stagiaire-d\u00e9cembre-2018.jpg\"><img loading=\"lazy\" decoding=\"async\" class=\"alignnone size-medium wp-image-328\" src=\"https:\/\/reparenjalles.saintmedardasso.fr\/wp-content\/uploads\/2019\/01\/IMG_0539-ReJ-Xavier-t-shirt-et-stagiaire-d\u00e9cembre-2018-300x224.jpg\" alt=\"\" width=\"300\" height=\"224\" srcset=\"https:\/\/reparenjalles.saintmedardasso.fr\/wp-content\/uploads\/2019\/01\/IMG_0539-ReJ-Xavier-t-shirt-et-stagiaire-d\u00e9cembre-2018-300x224.jpg 300w, https:\/\/reparenjalles.saintmedardasso.fr\/wp-content\/uploads\/2019\/01\/IMG_0539-ReJ-Xavier-t-shirt-et-stagiaire-d\u00e9cembre-2018-768x574.jpg 768w, https:\/\/reparenjalles.saintmedardasso.fr\/wp-content\/uploads\/2019\/01\/IMG_0539-ReJ-Xavier-t-shirt-et-stagiaire-d\u00e9cembre-2018-1024x765.jpg 1024w\" sizes=\"auto, (max-width: 300px) 100vw, 300px\" \/><\/a><\/div>\n<\/div>\n<\/div>\n<\/div>\n<\/div>\n<\/div>\n","protected":false},"excerpt":{"rendered":"<p>&#8211; 44 objets examin\u00e9s, dont : &#8211; 28 objets r\u00e9par\u00e9s qui trouvent une nouvelle vie ! &#8211; 15 objets diagnostiqu\u00e9s &#8211; 1 objet \u00e0 revoir pour test Comme au mois de novembre et d\u00e9cembre 2018 nous avons accueilli avec plaisir\u00a0 4 \u00e9l\u00e8ves de seconde du lyc\u00e9e Sud-M\u00e9doc pour leur stage en association. Peut-\u00eatre de futurs &hellip; <a href=\"https:\/\/reparenjalles.saintmedardasso.fr\/?p=326\" class=\"more-link\">Continuer la lecture de <span class=\"screen-reader-text\">Journ\u00e9e de r\u00e9parations du 19 janvier 2019<\/span>  <span class=\"meta-nav\">&rarr;<\/span><\/a><\/p>\n","protected":false},"author":7,"featured_media":0,"comment_status":"closed","ping_status":"closed","sticky":false,"template":"","format":"standard","meta":{"footnotes":""},"categories":[5],"tags":[],"class_list":["post-326","post","type-post","status-publish","format-standard","hentry","category-journees-reparations"],"_links":{"self":[{"href":"https:\/\/reparenjalles.saintmedardasso.fr\/index.php?rest_route=\/wp\/v2\/posts\/326","targetHints":{"allow":["GET"]}}],"collection":[{"href":"https:\/\/reparenjalles.saintmedardasso.fr\/index.php?rest_route=\/wp\/v2\/posts"}],"about":[{"href":"https:\/\/reparenjalles.saintmedardasso.fr\/index.php?rest_route=\/wp\/v2\/types\/post"}],"author":[{"embeddable":true,"href":"https:\/\/reparenjalles.saintmedardasso.fr\/index.php?rest_route=\/wp\/v2\/users\/7"}],"replies":[{"embeddable":true,"href":"https:\/\/reparenjalles.saintmedardasso.fr\/index.php?rest_route=%2Fwp%2Fv2%2Fcomments&post=326"}],"version-history":[{"count":0,"href":"https:\/\/reparenjalles.saintmedardasso.fr\/index.php?rest_route=\/wp\/v2\/posts\/326\/revisions"}],"wp:attachment":[{"href":"https:\/\/reparenjalles.saintmedardasso.fr\/index.php?rest_route=%2Fwp%2Fv2%2Fmedia&parent=326"}],"wp:term":[{"taxonomy":"category","embeddable":true,"href":"https:\/\/reparenjalles.saintmedardasso.fr\/index.php?rest_route=%2Fwp%2Fv2%2Fcategories&post=326"},{"taxonomy":"post_tag","embeddable":true,"href":"https:\/\/reparenjalles.saintmedardasso.fr\/index.php?rest_route=%2Fwp%2Fv2%2Ftags&post=326"}],"curies":[{"name":"wp","href":"https:\/\/api.w.org\/{rel}","templated":true}]}}