{"id":281,"date":"2018-11-16T20:10:31","date_gmt":"2018-11-16T18:10:31","guid":{"rendered":"http:\/\/reparenjalles.saintmedardasso.fr\/?p=281"},"modified":"2023-07-07T18:47:35","modified_gmt":"2023-07-07T16:47:35","slug":"festival-zz-les-23-et-24-novembre-2018","status":"publish","type":"post","link":"https:\/\/reparenjalles.saintmedardasso.fr\/?p=281","title":{"rendered":"Festival ZZ les 23 et 24 novembre 2018"},"content":{"rendered":"<h2 style=\"text-align: center;\">FESTIVAL ZZ<\/h2>\n<p>R\u00e9par&rsquo;en Jalles participera au Festival ZZ (Z\u00e9ro D\u00e9chet, Z\u00e9ro Gaspillage) qui aura lieu vendredi 23 et samedi 24 novembre de 10h \u00e0 19h au Hangar 14, 173 quai des Chartrons \u00e0 Bordeaux.<\/p>\n<p>Dans une ambiance festive, ateliers, jeux, concert, conf\u00e9rences, expositions, d\u00e9fil\u00e9 de mode, concours de cuisine, d\u00e9mo de drones : il y en aura pour tous les go\u00fbts et tous les \u00e2ges\u2026<\/p>\n<p>Vous passerez un bon moment empreint de d\u00e9couverte et de bonne humeur\u00a0pour construire un avenir z\u00e9ro d\u00e9chet, z\u00e9ro gaspi !<\/p>\n<p><strong>Cet \u00e9v\u00e9nement gratuit et ouvert<\/strong>\u00a0\u00e0 tous a pour objectif de changer le regard port\u00e9 sur les d\u00e9chets et de diffuser les bonnes pratiques d\u2019une d\u00e9marche ZZ.<\/p>\n<p><a href=\"https:\/\/reparenjalles.saintmedardasso.fr\/wp-content\/uploads\/2018\/11\/zz.jpg\"><img loading=\"lazy\" decoding=\"async\" class=\"size-medium wp-image-276 aligncenter\" src=\"https:\/\/reparenjalles.saintmedardasso.fr\/wp-content\/uploads\/2018\/11\/zz-300x107.jpg\" alt=\"\" width=\"300\" height=\"107\" srcset=\"https:\/\/reparenjalles.saintmedardasso.fr\/wp-content\/uploads\/2018\/11\/zz-300x107.jpg 300w, https:\/\/reparenjalles.saintmedardasso.fr\/wp-content\/uploads\/2018\/11\/zz.jpg 487w\" sizes=\"auto, (max-width: 300px) 100vw, 300px\" \/><\/a><\/p>\n<p>Retrouvez le programme complet sur\u00a0<strong>le site internet de Bordeaux M\u00e9tropole\u00a0<\/strong><\/p>\n<p><b><a href=\"https:\/\/www.facebook.com\/events\/320723681811725\/\" target=\"_blank\" rel=\"noopener\">Facebook : C\u2019est ICI<\/a><\/b><\/p>\n","protected":false},"excerpt":{"rendered":"<p>FESTIVAL ZZ R\u00e9par&rsquo;en Jalles participera au Festival ZZ (Z\u00e9ro D\u00e9chet, Z\u00e9ro Gaspillage) qui aura lieu vendredi 23 et samedi 24 novembre de 10h \u00e0 19h au Hangar 14, 173 quai des Chartrons \u00e0 Bordeaux. Dans une ambiance festive, ateliers, jeux, concert, conf\u00e9rences, expositions, d\u00e9fil\u00e9 de mode, concours de cuisine, d\u00e9mo de drones : il y &hellip; <a href=\"https:\/\/reparenjalles.saintmedardasso.fr\/?p=281\" class=\"more-link\">Continuer la lecture de <span class=\"screen-reader-text\">Festival ZZ les 23 et 24 novembre 2018<\/span>  <span class=\"meta-nav\">&rarr;<\/span><\/a><\/p>\n","protected":false},"author":7,"featured_media":0,"comment_status":"closed","ping_status":"closed","sticky":false,"template":"","format":"standard","meta":{"footnotes":""},"categories":[1],"tags":[],"class_list":["post-281","post","type-post","status-publish","format-standard","hentry","category-non-classe"],"_links":{"self":[{"href":"https:\/\/reparenjalles.saintmedardasso.fr\/index.php?rest_route=\/wp\/v2\/posts\/281","targetHints":{"allow":["GET"]}}],"collection":[{"href":"https:\/\/reparenjalles.saintmedardasso.fr\/index.php?rest_route=\/wp\/v2\/posts"}],"about":[{"href":"https:\/\/reparenjalles.saintmedardasso.fr\/index.php?rest_route=\/wp\/v2\/types\/post"}],"author":[{"embeddable":true,"href":"https:\/\/reparenjalles.saintmedardasso.fr\/index.php?rest_route=\/wp\/v2\/users\/7"}],"replies":[{"embeddable":true,"href":"https:\/\/reparenjalles.saintmedardasso.fr\/index.php?rest_route=%2Fwp%2Fv2%2Fcomments&post=281"}],"version-history":[{"count":0,"href":"https:\/\/reparenjalles.saintmedardasso.fr\/index.php?rest_route=\/wp\/v2\/posts\/281\/revisions"}],"wp:attachment":[{"href":"https:\/\/reparenjalles.saintmedardasso.fr\/index.php?rest_route=%2Fwp%2Fv2%2Fmedia&parent=281"}],"wp:term":[{"taxonomy":"category","embeddable":true,"href":"https:\/\/reparenjalles.saintmedardasso.fr\/index.php?rest_route=%2Fwp%2Fv2%2Fcategories&post=281"},{"taxonomy":"post_tag","embeddable":true,"href":"https:\/\/reparenjalles.saintmedardasso.fr\/index.php?rest_route=%2Fwp%2Fv2%2Ftags&post=281"}],"curies":[{"name":"wp","href":"https:\/\/api.w.org\/{rel}","templated":true}]}}