{"id":243,"date":"2018-09-11T17:52:58","date_gmt":"2018-09-11T15:52:58","guid":{"rendered":"http:\/\/reparenjalles.saintmedardasso.fr\/?p=243"},"modified":"2018-09-11T17:55:36","modified_gmt":"2018-09-11T15:55:36","slug":"le-rendez-vous-des-possibles","status":"publish","type":"post","link":"https:\/\/reparenjalles.saintmedardasso.fr\/?p=243","title":{"rendered":"Le Rendez-vous des Possibles samedi 22 septembre 2018"},"content":{"rendered":"<p id=\"seo_h1_tag\" class=\"_5gmx\" data-testid=\"event-permalink-event-name\">La journ\u00e9e <a href=\"https:\/\/www.facebook.com\/events\/281877925754485\/\" target=\"_blank\" rel=\"noopener\">\u00ab\u00a0Rendez-vous des Possibles\u00a0\u00bb<\/a>\u00a0organis\u00e9e par ST M\u00e9dard &amp; St Aubin en transition, L\u2019Estran, L\u2019ASCO, les Girafes citoyennes \u00e0 l&rsquo;Estran, aura lieu au domaine de Caupian \u00e0 St M\u00e9dard en Jalles le samedi 22 septembre 2018 de 10 h \u00e0 22 h.<\/p>\n<p>R\u00e9par&rsquo;en Jalles y participera.<\/p>\n","protected":false},"excerpt":{"rendered":"<p>La journ\u00e9e \u00ab\u00a0Rendez-vous des Possibles\u00a0\u00bb\u00a0organis\u00e9e par ST M\u00e9dard &amp; St Aubin en transition, L\u2019Estran, L\u2019ASCO, les Girafes citoyennes \u00e0 l&rsquo;Estran, aura lieu au domaine de Caupian \u00e0 St M\u00e9dard en Jalles le samedi 22 septembre 2018 de 10 h \u00e0 22 h. R\u00e9par&rsquo;en Jalles y participera.<\/p>\n","protected":false},"author":7,"featured_media":0,"comment_status":"closed","ping_status":"closed","sticky":false,"template":"","format":"standard","meta":{"footnotes":""},"categories":[1],"tags":[],"class_list":["post-243","post","type-post","status-publish","format-standard","hentry","category-non-classe"],"_links":{"self":[{"href":"https:\/\/reparenjalles.saintmedardasso.fr\/index.php?rest_route=\/wp\/v2\/posts\/243","targetHints":{"allow":["GET"]}}],"collection":[{"href":"https:\/\/reparenjalles.saintmedardasso.fr\/index.php?rest_route=\/wp\/v2\/posts"}],"about":[{"href":"https:\/\/reparenjalles.saintmedardasso.fr\/index.php?rest_route=\/wp\/v2\/types\/post"}],"author":[{"embeddable":true,"href":"https:\/\/reparenjalles.saintmedardasso.fr\/index.php?rest_route=\/wp\/v2\/users\/7"}],"replies":[{"embeddable":true,"href":"https:\/\/reparenjalles.saintmedardasso.fr\/index.php?rest_route=%2Fwp%2Fv2%2Fcomments&post=243"}],"version-history":[{"count":0,"href":"https:\/\/reparenjalles.saintmedardasso.fr\/index.php?rest_route=\/wp\/v2\/posts\/243\/revisions"}],"wp:attachment":[{"href":"https:\/\/reparenjalles.saintmedardasso.fr\/index.php?rest_route=%2Fwp%2Fv2%2Fmedia&parent=243"}],"wp:term":[{"taxonomy":"category","embeddable":true,"href":"https:\/\/reparenjalles.saintmedardasso.fr\/index.php?rest_route=%2Fwp%2Fv2%2Fcategories&post=243"},{"taxonomy":"post_tag","embeddable":true,"href":"https:\/\/reparenjalles.saintmedardasso.fr\/index.php?rest_route=%2Fwp%2Fv2%2Ftags&post=243"}],"curies":[{"name":"wp","href":"https:\/\/api.w.org\/{rel}","templated":true}]}}