{"id":1864,"date":"2025-02-25T17:24:13","date_gmt":"2025-02-25T16:24:13","guid":{"rendered":"https:\/\/reparenjalles.saintmedardasso.fr\/?p=1864"},"modified":"2025-11-05T15:46:51","modified_gmt":"2025-11-05T14:46:51","slug":"journee-de-reparations-du-15-fevrier-2025","status":"publish","type":"post","link":"https:\/\/reparenjalles.saintmedardasso.fr\/?p=1864","title":{"rendered":"Journ\u00e9e de r\u00e9parations du 15 F\u00e9vrier 2025"},"content":{"rendered":"<p>Voici le bilan\u00a0 de la <strong>journ\u00e9e de r\u00e9paration<\/strong> du <strong>samedi 15 F\u00e9vrier 2025<\/strong><\/p>\n<p><strong>Nombre de\u00a0 b\u00e9n\u00e9voles :<\/strong><\/p>\n<ul>\n<li>le matin :\u00a0\u00a0\u00a0\u00a0\u00a0\u00a0\u00a0\u00a0\u00a0\u00a0 1 \u00e0 l\u2019accueil + 7 aux\u00a0 r\u00e9parations<\/li>\n<li>l\u2019apr\u00e8s midi:\u00a0\u00a0\u00a0 2 \u00e0 l\u2019accueil + 6\u00a0 aux\u00a0 r\u00e9parations<\/li>\n<\/ul>\n<table border=\"1\">\n<tbody>\n<tr align=\"center\">\n<th width=\"50%\">Objets Examin\u00e9s<\/th>\n<td width=\"50%\">30<\/td>\n<\/tr>\n<tr align=\"center\">\n<th>R\u00e9par\u00e9s<\/th>\n<td>11<\/td>\n<\/tr>\n<tr align=\"center\">\n<th>Diagnostiqu\u00e9s<\/th>\n<td>13<\/td>\n<\/tr>\n<tr align=\"center\">\n<th>HS<\/th>\n<td>5<\/td>\n<\/tr>\n<tr align=\"center\">\n<th>Abandon de r\u00e9paration<\/th>\n<td>0<\/td>\n<\/tr>\n<tr align=\"center\">\n<th>TERMINES<\/th>\n<td>29<\/td>\n<\/tr>\n<tr align=\"center\">\n<th>Conserv\u00e9s<\/th>\n<td>1<\/td>\n<\/tr>\n<\/tbody>\n<\/table>\n","protected":false},"excerpt":{"rendered":"<p>Voici le bilan\u00a0 de la journ\u00e9e de r\u00e9paration du samedi 15 F\u00e9vrier 2025 Nombre de\u00a0 b\u00e9n\u00e9voles : le matin :\u00a0\u00a0\u00a0\u00a0\u00a0\u00a0\u00a0\u00a0\u00a0\u00a0 1 \u00e0 l\u2019accueil + 7 aux\u00a0 r\u00e9parations l\u2019apr\u00e8s midi:\u00a0\u00a0\u00a0 2 \u00e0 l\u2019accueil + 6\u00a0 aux\u00a0 r\u00e9parations Objets Examin\u00e9s 30 R\u00e9par\u00e9s 11 Diagnostiqu\u00e9s 13 HS 5 Abandon de r\u00e9paration 0 TERMINES 29 Conserv\u00e9s 1<\/p>\n","protected":false},"author":7,"featured_media":0,"comment_status":"open","ping_status":"closed","sticky":false,"template":"","format":"standard","meta":{"footnotes":""},"categories":[5],"tags":[],"class_list":["post-1864","post","type-post","status-publish","format-standard","hentry","category-journees-reparations"],"_links":{"self":[{"href":"https:\/\/reparenjalles.saintmedardasso.fr\/index.php?rest_route=\/wp\/v2\/posts\/1864","targetHints":{"allow":["GET"]}}],"collection":[{"href":"https:\/\/reparenjalles.saintmedardasso.fr\/index.php?rest_route=\/wp\/v2\/posts"}],"about":[{"href":"https:\/\/reparenjalles.saintmedardasso.fr\/index.php?rest_route=\/wp\/v2\/types\/post"}],"author":[{"embeddable":true,"href":"https:\/\/reparenjalles.saintmedardasso.fr\/index.php?rest_route=\/wp\/v2\/users\/7"}],"replies":[{"embeddable":true,"href":"https:\/\/reparenjalles.saintmedardasso.fr\/index.php?rest_route=%2Fwp%2Fv2%2Fcomments&post=1864"}],"version-history":[{"count":1,"href":"https:\/\/reparenjalles.saintmedardasso.fr\/index.php?rest_route=\/wp\/v2\/posts\/1864\/revisions"}],"predecessor-version":[{"id":1953,"href":"https:\/\/reparenjalles.saintmedardasso.fr\/index.php?rest_route=\/wp\/v2\/posts\/1864\/revisions\/1953"}],"wp:attachment":[{"href":"https:\/\/reparenjalles.saintmedardasso.fr\/index.php?rest_route=%2Fwp%2Fv2%2Fmedia&parent=1864"}],"wp:term":[{"taxonomy":"category","embeddable":true,"href":"https:\/\/reparenjalles.saintmedardasso.fr\/index.php?rest_route=%2Fwp%2Fv2%2Fcategories&post=1864"},{"taxonomy":"post_tag","embeddable":true,"href":"https:\/\/reparenjalles.saintmedardasso.fr\/index.php?rest_route=%2Fwp%2Fv2%2Ftags&post=1864"}],"curies":[{"name":"wp","href":"https:\/\/api.w.org\/{rel}","templated":true}]}}