{"id":1721,"date":"2024-08-13T13:50:26","date_gmt":"2024-08-13T11:50:26","guid":{"rendered":"https:\/\/reparenjalles.saintmedardasso.fr\/?p=1721"},"modified":"2025-11-05T15:47:55","modified_gmt":"2025-11-05T14:47:55","slug":"assemblee-generale-du-28-juin-2024","status":"publish","type":"post","link":"https:\/\/reparenjalles.saintmedardasso.fr\/?p=1721","title":{"rendered":"Assembl\u00e9e G\u00e9n\u00e9rale du 28 Juin 2024"},"content":{"rendered":"<p>Nous remercions l&rsquo;ensemble des participants \u00e0 cette Assembl\u00e9e G\u00e9n\u00e9rale<\/p>\n<p>Vous trouverez le CR de l&rsquo;assembl\u00e9e ci-dessous<\/p>\n<p><a href=\"https:\/\/reparenjalles.saintmedardasso.fr\/wp-content\/uploads\/2024\/08\/CR-AG-28-06-2024.pdf\">Assembl\u00e9e G\u00e9n\u00e9rale du 28\/06\/2024<\/a><\/p>\n","protected":false},"excerpt":{"rendered":"<p>Nous remercions l&rsquo;ensemble des participants \u00e0 cette Assembl\u00e9e G\u00e9n\u00e9rale Vous trouverez le CR de l&rsquo;assembl\u00e9e ci-dessous Assembl\u00e9e G\u00e9n\u00e9rale du 28\/06\/2024<\/p>\n","protected":false},"author":7,"featured_media":0,"comment_status":"open","ping_status":"closed","sticky":false,"template":"","format":"standard","meta":{"footnotes":""},"categories":[6],"tags":[],"class_list":["post-1721","post","type-post","status-publish","format-standard","hentry","category-evenements-divers"],"_links":{"self":[{"href":"https:\/\/reparenjalles.saintmedardasso.fr\/index.php?rest_route=\/wp\/v2\/posts\/1721","targetHints":{"allow":["GET"]}}],"collection":[{"href":"https:\/\/reparenjalles.saintmedardasso.fr\/index.php?rest_route=\/wp\/v2\/posts"}],"about":[{"href":"https:\/\/reparenjalles.saintmedardasso.fr\/index.php?rest_route=\/wp\/v2\/types\/post"}],"author":[{"embeddable":true,"href":"https:\/\/reparenjalles.saintmedardasso.fr\/index.php?rest_route=\/wp\/v2\/users\/7"}],"replies":[{"embeddable":true,"href":"https:\/\/reparenjalles.saintmedardasso.fr\/index.php?rest_route=%2Fwp%2Fv2%2Fcomments&post=1721"}],"version-history":[{"count":1,"href":"https:\/\/reparenjalles.saintmedardasso.fr\/index.php?rest_route=\/wp\/v2\/posts\/1721\/revisions"}],"predecessor-version":[{"id":1961,"href":"https:\/\/reparenjalles.saintmedardasso.fr\/index.php?rest_route=\/wp\/v2\/posts\/1721\/revisions\/1961"}],"wp:attachment":[{"href":"https:\/\/reparenjalles.saintmedardasso.fr\/index.php?rest_route=%2Fwp%2Fv2%2Fmedia&parent=1721"}],"wp:term":[{"taxonomy":"category","embeddable":true,"href":"https:\/\/reparenjalles.saintmedardasso.fr\/index.php?rest_route=%2Fwp%2Fv2%2Fcategories&post=1721"},{"taxonomy":"post_tag","embeddable":true,"href":"https:\/\/reparenjalles.saintmedardasso.fr\/index.php?rest_route=%2Fwp%2Fv2%2Ftags&post=1721"}],"curies":[{"name":"wp","href":"https:\/\/api.w.org\/{rel}","templated":true}]}}