{"id":1690,"date":"2024-06-08T11:15:27","date_gmt":"2024-06-08T09:15:27","guid":{"rendered":"https:\/\/reparenjalles.saintmedardasso.fr\/?p=1690"},"modified":"2024-06-08T13:41:20","modified_gmt":"2024-06-08T11:41:20","slug":"soiree-repas-des-benevoles-2024","status":"publish","type":"post","link":"https:\/\/reparenjalles.saintmedardasso.fr\/?p=1690","title":{"rendered":"Soir\u00e9e repas des b\u00e9n\u00e9voles 2024"},"content":{"rendered":"<p style=\"text-align: center;\">Voici quelques photos de la soir\u00e9e \u00ab\u00a0<strong>Repas des b\u00e9n\u00e9voles<\/strong>\u00a0\u00bb<br \/>\nqui a eu lieu le <strong>Vendredi 07 Juin<\/strong> \u00e0 partir de 18H30<br \/>\nau <strong>Caf\u00e9 d&rsquo;Abord<\/strong> .<\/p>\n<p style=\"text-align: justify;\">Pour cette occasion plus de 20 b\u00e9n\u00e9voles se sont r\u00e9unis.<\/p>\n<p style=\"text-align: justify;\">Comme vous pourrez le constater elle s&rsquo;est d\u00e9roul\u00e9e dans une ambiance festive et chaleureuse.<\/p>\n<p style=\"text-align: justify;\">Bravo aux organisateurs.<\/p>\n<p>&nbsp;<\/p>\n<style type=\"text\/css\">\n#foogallery-gallery-1689.fg-justified .fg-item { margin-right: 5px; margin-bottom: 5px; }\n#foogallery-gallery-1689.fg-justified .fg-image { height: 80px; }<\/style>\n\t\t\t<div class=\"foogallery foogallery-container foogallery-justified foogallery-lightbox-foobox fg-justified fg-ready fg-light fg-border-thin fg-round-small fg-shadow-outline fg-loading-default fg-loaded-fade-in fg-hover-fade fg-hover-zoom2 fg-transparent-overlays\" id=\"foogallery-gallery-1689\" data-foogallery=\"{&quot;item&quot;:{&quot;showCaptionTitle&quot;:true,&quot;showCaptionDescription&quot;:false},&quot;lazy&quot;:true,&quot;template&quot;:{&quot;rowHeight&quot;:80,&quot;maxRowHeight&quot;:80,&quot;margins&quot;:5,&quot;align&quot;:&quot;center&quot;,&quot;lastRow&quot;:&quot;smart&quot;}}\" style=\"--fg-title-line-clamp: 0; --fg-description-line-clamp: 0;\" >\n\t<div class=\"fg-item fg-type-image fg-idle\"><figure class=\"fg-item-inner\"><a href=\"https:\/\/reparenjalles.saintmedardasso.fr\/wp-content\/uploads\/2024\/06\/REJ-soiree-des-benevoles-1.jpg\" data-attachment-id=\"1688\" data-type=\"image\" class=\"fg-thumb\"><span class=\"fg-image-wrap\"><img decoding=\"async\" height=\"80\" width=\"115\" class=\"skip-lazy fg-image\" data-src-fg=\"https:\/\/reparenjalles.saintmedardasso.fr\/wp-content\/uploads\/cache\/2024\/06\/REJ-soiree-des-benevoles-1\/1632180227.jpg\" src=\"data:image\/svg+xml,%3Csvg%20xmlns%3D%22http%3A%2F%2Fwww.w3.org%2F2000%2Fsvg%22%20width%3D%22115%22%20height%3D%2280%22%20viewBox%3D%220%200%20115%2080%22%3E%3C%2Fsvg%3E\" loading=\"eager\"><\/span><span class=\"fg-image-overlay\"><\/span><\/a><\/figure><div class=\"fg-loader\"><\/div><\/div><div class=\"fg-item fg-type-image fg-idle\"><figure class=\"fg-item-inner\"><a href=\"https:\/\/reparenjalles.saintmedardasso.fr\/wp-content\/uploads\/2024\/06\/REJ-soiree-des-benevoles-2.jpg\" data-attachment-id=\"1687\" data-type=\"image\" class=\"fg-thumb\"><span class=\"fg-image-wrap\"><img decoding=\"async\" height=\"80\" width=\"116\" class=\"skip-lazy fg-image\" data-src-fg=\"https:\/\/reparenjalles.saintmedardasso.fr\/wp-content\/uploads\/cache\/2024\/06\/REJ-soiree-des-benevoles-2\/2929261029.jpg\" src=\"data:image\/svg+xml,%3Csvg%20xmlns%3D%22http%3A%2F%2Fwww.w3.org%2F2000%2Fsvg%22%20width%3D%22116%22%20height%3D%2280%22%20viewBox%3D%220%200%20116%2080%22%3E%3C%2Fsvg%3E\" loading=\"eager\"><\/span><span class=\"fg-image-overlay\"><\/span><\/a><\/figure><div class=\"fg-loader\"><\/div><\/div><div class=\"fg-item fg-type-image fg-idle\"><figure class=\"fg-item-inner\"><a href=\"https:\/\/reparenjalles.saintmedardasso.fr\/wp-content\/uploads\/2024\/06\/REJ-soiree-des-benevoles-3.jpg\" data-attachment-id=\"1686\" data-type=\"image\" class=\"fg-thumb\"><span class=\"fg-image-wrap\"><img decoding=\"async\" height=\"80\" width=\"115\" class=\"skip-lazy fg-image\" data-src-fg=\"https:\/\/reparenjalles.saintmedardasso.fr\/wp-content\/uploads\/cache\/2024\/06\/REJ-soiree-des-benevoles-3\/3047387310.jpg\" src=\"data:image\/svg+xml,%3Csvg%20xmlns%3D%22http%3A%2F%2Fwww.w3.org%2F2000%2Fsvg%22%20width%3D%22115%22%20height%3D%2280%22%20viewBox%3D%220%200%20115%2080%22%3E%3C%2Fsvg%3E\" loading=\"eager\"><\/span><span class=\"fg-image-overlay\"><\/span><\/a><\/figure><div class=\"fg-loader\"><\/div><\/div><div class=\"fg-item fg-type-image fg-idle\"><figure class=\"fg-item-inner\"><a href=\"https:\/\/reparenjalles.saintmedardasso.fr\/wp-content\/uploads\/2024\/06\/REJ-soiree-des-benevoles-4.jpg\" data-attachment-id=\"1685\" data-type=\"image\" class=\"fg-thumb\"><span class=\"fg-image-wrap\"><img decoding=\"async\" height=\"80\" width=\"55\" class=\"skip-lazy fg-image\" data-src-fg=\"https:\/\/reparenjalles.saintmedardasso.fr\/wp-content\/uploads\/cache\/2024\/06\/REJ-soiree-des-benevoles-4\/480634249.jpg\" src=\"data:image\/svg+xml,%3Csvg%20xmlns%3D%22http%3A%2F%2Fwww.w3.org%2F2000%2Fsvg%22%20width%3D%2255%22%20height%3D%2280%22%20viewBox%3D%220%200%2055%2080%22%3E%3C%2Fsvg%3E\" loading=\"eager\"><\/span><span class=\"fg-image-overlay\"><\/span><\/a><\/figure><div class=\"fg-loader\"><\/div><\/div><div class=\"fg-item fg-type-image fg-idle\"><figure class=\"fg-item-inner\"><a href=\"https:\/\/reparenjalles.saintmedardasso.fr\/wp-content\/uploads\/2024\/06\/REJ-soiree-des-benevoles-5.jpg\" data-attachment-id=\"1684\" data-type=\"image\" class=\"fg-thumb\"><span class=\"fg-image-wrap\"><img decoding=\"async\" height=\"80\" width=\"115\" class=\"skip-lazy fg-image\" data-src-fg=\"https:\/\/reparenjalles.saintmedardasso.fr\/wp-content\/uploads\/cache\/2024\/06\/REJ-soiree-des-benevoles-5\/127823042.jpg\" src=\"data:image\/svg+xml,%3Csvg%20xmlns%3D%22http%3A%2F%2Fwww.w3.org%2F2000%2Fsvg%22%20width%3D%22115%22%20height%3D%2280%22%20viewBox%3D%220%200%20115%2080%22%3E%3C%2Fsvg%3E\" loading=\"eager\"><\/span><span class=\"fg-image-overlay\"><\/span><\/a><\/figure><div class=\"fg-loader\"><\/div><\/div><div class=\"fg-item fg-type-image fg-idle\"><figure class=\"fg-item-inner\"><a href=\"https:\/\/reparenjalles.saintmedardasso.fr\/wp-content\/uploads\/2024\/06\/REJ-soiree-des-benevoles-6.jpg\" data-attachment-id=\"1683\" data-type=\"image\" class=\"fg-thumb\"><span class=\"fg-image-wrap\"><img decoding=\"async\" height=\"80\" width=\"55\" class=\"skip-lazy fg-image\" data-src-fg=\"https:\/\/reparenjalles.saintmedardasso.fr\/wp-content\/uploads\/cache\/2024\/06\/REJ-soiree-des-benevoles-6\/3262569673.jpg\" src=\"data:image\/svg+xml,%3Csvg%20xmlns%3D%22http%3A%2F%2Fwww.w3.org%2F2000%2Fsvg%22%20width%3D%2255%22%20height%3D%2280%22%20viewBox%3D%220%200%2055%2080%22%3E%3C%2Fsvg%3E\" loading=\"eager\"><\/span><span class=\"fg-image-overlay\"><\/span><\/a><\/figure><div class=\"fg-loader\"><\/div><\/div><div class=\"fg-item fg-type-image fg-idle\"><figure class=\"fg-item-inner\"><a href=\"https:\/\/reparenjalles.saintmedardasso.fr\/wp-content\/uploads\/2024\/06\/REJ-soiree-des-benevoles-7.jpg\" data-attachment-id=\"1682\" data-type=\"image\" class=\"fg-thumb\"><span class=\"fg-image-wrap\"><img decoding=\"async\" height=\"80\" width=\"130\" class=\"skip-lazy fg-image\" data-src-fg=\"https:\/\/reparenjalles.saintmedardasso.fr\/wp-content\/uploads\/cache\/2024\/06\/REJ-soiree-des-benevoles-7\/3645724034.jpg\" src=\"data:image\/svg+xml,%3Csvg%20xmlns%3D%22http%3A%2F%2Fwww.w3.org%2F2000%2Fsvg%22%20width%3D%22130%22%20height%3D%2280%22%20viewBox%3D%220%200%20130%2080%22%3E%3C%2Fsvg%3E\" loading=\"eager\"><\/span><span class=\"fg-image-overlay\"><\/span><\/a><\/figure><div class=\"fg-loader\"><\/div><\/div><div class=\"fg-item fg-type-image fg-idle\"><figure class=\"fg-item-inner\"><a href=\"https:\/\/reparenjalles.saintmedardasso.fr\/wp-content\/uploads\/2024\/06\/REJ-soiree-des-benevoles-8.jpg\" data-attachment-id=\"1681\" data-type=\"image\" class=\"fg-thumb\"><span class=\"fg-image-wrap\"><img decoding=\"async\" height=\"80\" width=\"55\" class=\"skip-lazy fg-image\" data-src-fg=\"https:\/\/reparenjalles.saintmedardasso.fr\/wp-content\/uploads\/cache\/2024\/06\/REJ-soiree-des-benevoles-8\/2746145552.jpg\" src=\"data:image\/svg+xml,%3Csvg%20xmlns%3D%22http%3A%2F%2Fwww.w3.org%2F2000%2Fsvg%22%20width%3D%2255%22%20height%3D%2280%22%20viewBox%3D%220%200%2055%2080%22%3E%3C%2Fsvg%3E\" loading=\"eager\"><\/span><span class=\"fg-image-overlay\"><\/span><\/a><\/figure><div class=\"fg-loader\"><\/div><\/div><div class=\"fg-item fg-type-image fg-idle\"><figure class=\"fg-item-inner\"><a href=\"https:\/\/reparenjalles.saintmedardasso.fr\/wp-content\/uploads\/2024\/06\/REJ-soiree-des-benevoles-9.jpg\" data-attachment-id=\"1680\" data-type=\"image\" class=\"fg-thumb\"><span class=\"fg-image-wrap\"><img decoding=\"async\" height=\"80\" width=\"116\" class=\"skip-lazy fg-image\" data-src-fg=\"https:\/\/reparenjalles.saintmedardasso.fr\/wp-content\/uploads\/cache\/2024\/06\/REJ-soiree-des-benevoles-9\/3096793691.jpg\" src=\"data:image\/svg+xml,%3Csvg%20xmlns%3D%22http%3A%2F%2Fwww.w3.org%2F2000%2Fsvg%22%20width%3D%22116%22%20height%3D%2280%22%20viewBox%3D%220%200%20116%2080%22%3E%3C%2Fsvg%3E\" loading=\"eager\"><\/span><span class=\"fg-image-overlay\"><\/span><\/a><\/figure><div class=\"fg-loader\"><\/div><\/div><div class=\"fg-item fg-type-image fg-idle\"><figure class=\"fg-item-inner\"><a href=\"https:\/\/reparenjalles.saintmedardasso.fr\/wp-content\/uploads\/2024\/06\/REJ-soiree-des-benevoles-10.jpg\" data-attachment-id=\"1679\" data-type=\"image\" class=\"fg-thumb\"><span class=\"fg-image-wrap\"><img decoding=\"async\" height=\"80\" width=\"115\" class=\"skip-lazy fg-image\" data-src-fg=\"https:\/\/reparenjalles.saintmedardasso.fr\/wp-content\/uploads\/cache\/2024\/06\/REJ-soiree-des-benevoles-10\/2780992049.jpg\" src=\"data:image\/svg+xml,%3Csvg%20xmlns%3D%22http%3A%2F%2Fwww.w3.org%2F2000%2Fsvg%22%20width%3D%22115%22%20height%3D%2280%22%20viewBox%3D%220%200%20115%2080%22%3E%3C%2Fsvg%3E\" loading=\"eager\"><\/span><span class=\"fg-image-overlay\"><\/span><\/a><\/figure><div class=\"fg-loader\"><\/div><\/div><div class=\"fg-item fg-type-image fg-idle\"><figure class=\"fg-item-inner\"><a href=\"https:\/\/reparenjalles.saintmedardasso.fr\/wp-content\/uploads\/2024\/06\/REJ-soiree-des-benevoles-11.jpg\" data-attachment-id=\"1678\" data-type=\"image\" class=\"fg-thumb\"><span class=\"fg-image-wrap\"><img decoding=\"async\" height=\"80\" width=\"142\" class=\"skip-lazy fg-image\" data-src-fg=\"https:\/\/reparenjalles.saintmedardasso.fr\/wp-content\/uploads\/cache\/2024\/06\/REJ-soiree-des-benevoles-11\/2667980157.jpg\" src=\"data:image\/svg+xml,%3Csvg%20xmlns%3D%22http%3A%2F%2Fwww.w3.org%2F2000%2Fsvg%22%20width%3D%22142%22%20height%3D%2280%22%20viewBox%3D%220%200%20142%2080%22%3E%3C%2Fsvg%3E\" loading=\"eager\"><\/span><span class=\"fg-image-overlay\"><\/span><\/a><\/figure><div class=\"fg-loader\"><\/div><\/div><div class=\"fg-item fg-type-image fg-idle\"><figure class=\"fg-item-inner\"><a href=\"https:\/\/reparenjalles.saintmedardasso.fr\/wp-content\/uploads\/2024\/06\/REJ-soiree-des-benevoles-12.jpg\" data-attachment-id=\"1677\" data-type=\"image\" class=\"fg-thumb\"><span class=\"fg-image-wrap\"><img decoding=\"async\" height=\"80\" width=\"55\" class=\"skip-lazy fg-image\" data-src-fg=\"https:\/\/reparenjalles.saintmedardasso.fr\/wp-content\/uploads\/cache\/2024\/06\/REJ-soiree-des-benevoles-12\/1638041847.jpg\" src=\"data:image\/svg+xml,%3Csvg%20xmlns%3D%22http%3A%2F%2Fwww.w3.org%2F2000%2Fsvg%22%20width%3D%2255%22%20height%3D%2280%22%20viewBox%3D%220%200%2055%2080%22%3E%3C%2Fsvg%3E\" loading=\"eager\"><\/span><span class=\"fg-image-overlay\"><\/span><\/a><\/figure><div class=\"fg-loader\"><\/div><\/div><\/div>\n\n","protected":false},"excerpt":{"rendered":"<p>Voici quelques photos de la soir\u00e9e \u00ab\u00a0Repas des b\u00e9n\u00e9voles\u00a0\u00bb qui a eu lieu le Vendredi 07 Juin \u00e0 partir de 18H30 au Caf\u00e9 d&rsquo;Abord . Pour cette occasion plus de 20 b\u00e9n\u00e9voles se sont r\u00e9unis. Comme vous pourrez le constater elle s&rsquo;est d\u00e9roul\u00e9e dans une ambiance festive et chaleureuse. Bravo aux organisateurs. &nbsp;<\/p>\n","protected":false},"author":6,"featured_media":0,"comment_status":"closed","ping_status":"closed","sticky":false,"template":"","format":"standard","meta":{"footnotes":""},"categories":[6],"tags":[],"class_list":["post-1690","post","type-post","status-publish","format-standard","hentry","category-evenements-divers"],"_links":{"self":[{"href":"https:\/\/reparenjalles.saintmedardasso.fr\/index.php?rest_route=\/wp\/v2\/posts\/1690","targetHints":{"allow":["GET"]}}],"collection":[{"href":"https:\/\/reparenjalles.saintmedardasso.fr\/index.php?rest_route=\/wp\/v2\/posts"}],"about":[{"href":"https:\/\/reparenjalles.saintmedardasso.fr\/index.php?rest_route=\/wp\/v2\/types\/post"}],"author":[{"embeddable":true,"href":"https:\/\/reparenjalles.saintmedardasso.fr\/index.php?rest_route=\/wp\/v2\/users\/6"}],"replies":[{"embeddable":true,"href":"https:\/\/reparenjalles.saintmedardasso.fr\/index.php?rest_route=%2Fwp%2Fv2%2Fcomments&post=1690"}],"version-history":[{"count":0,"href":"https:\/\/reparenjalles.saintmedardasso.fr\/index.php?rest_route=\/wp\/v2\/posts\/1690\/revisions"}],"wp:attachment":[{"href":"https:\/\/reparenjalles.saintmedardasso.fr\/index.php?rest_route=%2Fwp%2Fv2%2Fmedia&parent=1690"}],"wp:term":[{"taxonomy":"category","embeddable":true,"href":"https:\/\/reparenjalles.saintmedardasso.fr\/index.php?rest_route=%2Fwp%2Fv2%2Fcategories&post=1690"},{"taxonomy":"post_tag","embeddable":true,"href":"https:\/\/reparenjalles.saintmedardasso.fr\/index.php?rest_route=%2Fwp%2Fv2%2Ftags&post=1690"}],"curies":[{"name":"wp","href":"https:\/\/api.w.org\/{rel}","templated":true}]}}