{"id":1469,"date":"2023-09-18T11:48:35","date_gmt":"2023-09-18T09:48:35","guid":{"rendered":"https:\/\/reparenjalles.saintmedardasso.fr\/?p=1469"},"modified":"2023-09-18T11:48:35","modified_gmt":"2023-09-18T09:48:35","slug":"journee-du-16-09-2023","status":"publish","type":"post","link":"https:\/\/reparenjalles.saintmedardasso.fr\/?p=1469","title":{"rendered":"Journ\u00e9e du 16-09-2023"},"content":{"rendered":"<p>Voici le bilan\u00a0 de la <strong>journ\u00e9e de r\u00e9paration<\/strong> du <strong>samedi 16 septembre 2023.<\/strong><\/p>\n<p><strong>Nombre de\u00a0 b\u00e9n\u00e9voles :<\/strong><\/p>\n<ul>\n<li>le matin :\u00a0\u00a0\u00a0\u00a0\u00a0\u00a0\u00a0\u00a0\u00a0\u00a0 1 \u00e0 l\u2019accueil + 4 aux\u00a0 r\u00e9parations<\/li>\n<li>l&rsquo;apr\u00e8s midi:\u00a0\u00a0\u00a0 1 \u00e0 l\u2019accueil + 4\u00a0 aux\u00a0 r\u00e9parations<\/li>\n<\/ul>\n<p><strong>23 adh\u00e9sions ont \u00e9t\u00e9 recueillies et 23 objets ont \u00e9t\u00e9 examin\u00e9s :<\/strong><\/p>\n<table>\n<tbody>\n<tr>\n<td>objets r\u00e9par\u00e9s<\/td>\n<td>9<\/td>\n<\/tr>\n<tr>\n<td>objets diagnostiqu\u00e9s<\/td>\n<td>11<\/td>\n<\/tr>\n<tr>\n<td>objets HS<\/td>\n<td>3<\/td>\n<\/tr>\n<tr>\n<td><strong>TOTAL<\/strong><\/td>\n<td>20<\/td>\n<\/tr>\n<\/tbody>\n<\/table>\n<p><a href=\"https:\/\/reparenjalles.saintmedardasso.fr\/wp-content\/uploads\/2023\/09\/REJ-16-09-2023.jpg\"><img loading=\"lazy\" decoding=\"async\" class=\"aligncenter size-full wp-image-1470\" src=\"https:\/\/reparenjalles.saintmedardasso.fr\/wp-content\/uploads\/2023\/09\/REJ-16-09-2023.jpg\" alt=\"Journ\u00e9e du 19-09-2023\" width=\"700\" height=\"490\" srcset=\"https:\/\/reparenjalles.saintmedardasso.fr\/wp-content\/uploads\/2023\/09\/REJ-16-09-2023.jpg 700w, https:\/\/reparenjalles.saintmedardasso.fr\/wp-content\/uploads\/2023\/09\/REJ-16-09-2023-300x210.jpg 300w\" sizes=\"auto, (max-width: 700px) 100vw, 700px\" \/><\/a><\/p>\n","protected":false},"excerpt":{"rendered":"<p>Voici le bilan\u00a0 de la journ\u00e9e de r\u00e9paration du samedi 16 septembre 2023. Nombre de\u00a0 b\u00e9n\u00e9voles : le matin :\u00a0\u00a0\u00a0\u00a0\u00a0\u00a0\u00a0\u00a0\u00a0\u00a0 1 \u00e0 l\u2019accueil + 4 aux\u00a0 r\u00e9parations l&rsquo;apr\u00e8s midi:\u00a0\u00a0\u00a0 1 \u00e0 l\u2019accueil + 4\u00a0 aux\u00a0 r\u00e9parations 23 adh\u00e9sions ont \u00e9t\u00e9 recueillies et 23 objets ont \u00e9t\u00e9 examin\u00e9s : objets r\u00e9par\u00e9s 9 objets diagnostiqu\u00e9s 11 objets &hellip; <a href=\"https:\/\/reparenjalles.saintmedardasso.fr\/?p=1469\" class=\"more-link\">Continuer la lecture de <span class=\"screen-reader-text\">Journ\u00e9e du 16-09-2023<\/span>  <span class=\"meta-nav\">&rarr;<\/span><\/a><\/p>\n","protected":false},"author":6,"featured_media":0,"comment_status":"closed","ping_status":"closed","sticky":false,"template":"","format":"standard","meta":{"footnotes":""},"categories":[5],"tags":[],"class_list":["post-1469","post","type-post","status-publish","format-standard","hentry","category-journees-reparations"],"_links":{"self":[{"href":"https:\/\/reparenjalles.saintmedardasso.fr\/index.php?rest_route=\/wp\/v2\/posts\/1469","targetHints":{"allow":["GET"]}}],"collection":[{"href":"https:\/\/reparenjalles.saintmedardasso.fr\/index.php?rest_route=\/wp\/v2\/posts"}],"about":[{"href":"https:\/\/reparenjalles.saintmedardasso.fr\/index.php?rest_route=\/wp\/v2\/types\/post"}],"author":[{"embeddable":true,"href":"https:\/\/reparenjalles.saintmedardasso.fr\/index.php?rest_route=\/wp\/v2\/users\/6"}],"replies":[{"embeddable":true,"href":"https:\/\/reparenjalles.saintmedardasso.fr\/index.php?rest_route=%2Fwp%2Fv2%2Fcomments&post=1469"}],"version-history":[{"count":0,"href":"https:\/\/reparenjalles.saintmedardasso.fr\/index.php?rest_route=\/wp\/v2\/posts\/1469\/revisions"}],"wp:attachment":[{"href":"https:\/\/reparenjalles.saintmedardasso.fr\/index.php?rest_route=%2Fwp%2Fv2%2Fmedia&parent=1469"}],"wp:term":[{"taxonomy":"category","embeddable":true,"href":"https:\/\/reparenjalles.saintmedardasso.fr\/index.php?rest_route=%2Fwp%2Fv2%2Fcategories&post=1469"},{"taxonomy":"post_tag","embeddable":true,"href":"https:\/\/reparenjalles.saintmedardasso.fr\/index.php?rest_route=%2Fwp%2Fv2%2Ftags&post=1469"}],"curies":[{"name":"wp","href":"https:\/\/api.w.org\/{rel}","templated":true}]}}