{"id":1461,"date":"2023-09-16T15:33:50","date_gmt":"2023-09-16T13:33:50","guid":{"rendered":"https:\/\/reparenjalles.saintmedardasso.fr\/?p=1461"},"modified":"2023-09-20T08:55:32","modified_gmt":"2023-09-20T06:55:32","slug":"assemblee-generale-du-09-09-2023","status":"publish","type":"post","link":"https:\/\/reparenjalles.saintmedardasso.fr\/?p=1461","title":{"rendered":"Assembl\u00e9e g\u00e9n\u00e9rale du 09-09-2023"},"content":{"rendered":"<p>L&rsquo;assembl\u00e9e g\u00e9n\u00e9rale de <strong>Repar&rsquo;en Jalles<\/strong> a eu lieu le samedi 9 septembre 2023.<\/p>\n<p>&nbsp;<\/p>\n<style type=\"text\/css\">\n#foogallery-gallery-1466.fg-justified .fg-item { margin-right: 5px; margin-bottom: 5px; }\n#foogallery-gallery-1466.fg-justified .fg-image { height: 80px; }<\/style>\n\t\t\t<div class=\"foogallery foogallery-container foogallery-justified foogallery-lightbox-foobox fg-justified fg-ready fg-light fg-border-thin fg-round-small fg-shadow-outline fg-loading-default fg-loaded-fade-in fg-hover-fade fg-hover-zoom2 fg-transparent-overlays\" id=\"foogallery-gallery-1466\" data-foogallery=\"{&quot;item&quot;:{&quot;showCaptionTitle&quot;:true,&quot;showCaptionDescription&quot;:false},&quot;lazy&quot;:true,&quot;template&quot;:{&quot;rowHeight&quot;:80,&quot;maxRowHeight&quot;:80,&quot;margins&quot;:5,&quot;align&quot;:&quot;center&quot;,&quot;lastRow&quot;:&quot;smart&quot;}}\" style=\"--fg-title-line-clamp: 0; --fg-description-line-clamp: 0;\" >\n\t<div class=\"fg-item fg-type-image fg-idle\"><figure class=\"fg-item-inner\"><a href=\"https:\/\/reparenjalles.saintmedardasso.fr\/wp-content\/uploads\/2023\/09\/AG-REJ-09-09-2023-2.jpg\" data-attachment-id=\"1462\" data-type=\"image\" class=\"fg-thumb\"><span class=\"fg-image-wrap\"><img decoding=\"async\" height=\"80\" width=\"142\" class=\"skip-lazy fg-image\" data-src-fg=\"https:\/\/reparenjalles.saintmedardasso.fr\/wp-content\/uploads\/cache\/2023\/09\/AG-REJ-09-09-2023-2\/45792766.jpg\" src=\"data:image\/svg+xml,%3Csvg%20xmlns%3D%22http%3A%2F%2Fwww.w3.org%2F2000%2Fsvg%22%20width%3D%22142%22%20height%3D%2280%22%20viewBox%3D%220%200%20142%2080%22%3E%3C%2Fsvg%3E\" loading=\"eager\"><\/span><span class=\"fg-image-overlay\"><\/span><\/a><\/figure><div class=\"fg-loader\"><\/div><\/div><div class=\"fg-item fg-type-image fg-idle\"><figure class=\"fg-item-inner\"><a href=\"https:\/\/reparenjalles.saintmedardasso.fr\/wp-content\/uploads\/2023\/09\/AG-REJ-09-09-2023-1.jpg\" data-attachment-id=\"1464\" data-type=\"image\" class=\"fg-thumb\"><span class=\"fg-image-wrap\"><img decoding=\"async\" height=\"80\" width=\"142\" class=\"skip-lazy fg-image\" data-src-fg=\"https:\/\/reparenjalles.saintmedardasso.fr\/wp-content\/uploads\/cache\/2023\/09\/AG-REJ-09-09-2023-1\/516411459.jpg\" src=\"data:image\/svg+xml,%3Csvg%20xmlns%3D%22http%3A%2F%2Fwww.w3.org%2F2000%2Fsvg%22%20width%3D%22142%22%20height%3D%2280%22%20viewBox%3D%220%200%20142%2080%22%3E%3C%2Fsvg%3E\" loading=\"eager\"><\/span><span class=\"fg-image-overlay\"><\/span><\/a><\/figure><div class=\"fg-loader\"><\/div><\/div><div class=\"fg-item fg-type-image fg-idle\"><figure class=\"fg-item-inner\"><a href=\"https:\/\/reparenjalles.saintmedardasso.fr\/wp-content\/uploads\/2023\/09\/AG-REJ-09-09-2023-3.jpg\" data-attachment-id=\"1463\" data-type=\"image\" class=\"fg-thumb\"><span class=\"fg-image-wrap\"><img decoding=\"async\" height=\"80\" width=\"142\" class=\"skip-lazy fg-image\" data-src-fg=\"https:\/\/reparenjalles.saintmedardasso.fr\/wp-content\/uploads\/cache\/2023\/09\/AG-REJ-09-09-2023-3\/1075270586.jpg\" src=\"data:image\/svg+xml,%3Csvg%20xmlns%3D%22http%3A%2F%2Fwww.w3.org%2F2000%2Fsvg%22%20width%3D%22142%22%20height%3D%2280%22%20viewBox%3D%220%200%20142%2080%22%3E%3C%2Fsvg%3E\" loading=\"eager\"><\/span><span class=\"fg-image-overlay\"><\/span><\/a><\/figure><div class=\"fg-loader\"><\/div><\/div><\/div>\n\n<p>&nbsp;<\/p>\n<p>Tout d&rsquo;abord, merci aux courageux qui sont venus participer \u00e0 cette assembl\u00e9e g\u00e9n\u00e9rale<\/p>\n<p style=\"text-align: justify;\">Cette AG a permis d\u2019\u00e9tablir le bilan de l\u2019ann\u00e9e \u00e9coul\u00e9e (200 adh\u00e9sions, 228 objets pris en compte, 106 r\u00e9par\u00e9s, le reste diagnostiqu\u00e9 ou d\u00e9clar\u00e9s HS).<\/p>\n<p style=\"text-align: justify;\">Si les activit\u00e9s de l\u2019association suscite un engouement, elle souffre, \u00e0 l\u2019instar des autres, de manque de b\u00e9n\u00e9voles (r\u00e9parateurs ou charg\u00e9s d\u2019accueil). De nouveaux renforts permettaient d\u2019\u00e9largir nos plannings d\u2019ouverture, ce qui nous autoriserait \u00e0 acc\u00e9der \u00e0 plus de demandes.<\/p>\n<p style=\"text-align: justify;\">Nous f\u00eatons cette ann\u00e9e nos 10 ans d\u2019existence et sommes motiv\u00e9s pour poursuivre cette belle id\u00e9e qui r\u00e9pond \u00e0 un besoin de plus en plus av\u00e9r\u00e9 de limiter le gaspillage.<\/p>\n","protected":false},"excerpt":{"rendered":"<p>L&rsquo;assembl\u00e9e g\u00e9n\u00e9rale de Repar&rsquo;en Jalles a eu lieu le samedi 9 septembre 2023. &nbsp; &nbsp; Tout d&rsquo;abord, merci aux courageux qui sont venus participer \u00e0 cette assembl\u00e9e g\u00e9n\u00e9rale Cette AG a permis d\u2019\u00e9tablir le bilan de l\u2019ann\u00e9e \u00e9coul\u00e9e (200 adh\u00e9sions, 228 objets pris en compte, 106 r\u00e9par\u00e9s, le reste diagnostiqu\u00e9 ou d\u00e9clar\u00e9s HS). Si les &hellip; <a href=\"https:\/\/reparenjalles.saintmedardasso.fr\/?p=1461\" class=\"more-link\">Continuer la lecture de <span class=\"screen-reader-text\">Assembl\u00e9e g\u00e9n\u00e9rale du 09-09-2023<\/span>  <span class=\"meta-nav\">&rarr;<\/span><\/a><\/p>\n","protected":false},"author":6,"featured_media":0,"comment_status":"closed","ping_status":"closed","sticky":false,"template":"","format":"standard","meta":{"footnotes":""},"categories":[6],"tags":[],"class_list":["post-1461","post","type-post","status-publish","format-standard","hentry","category-evenements-divers"],"_links":{"self":[{"href":"https:\/\/reparenjalles.saintmedardasso.fr\/index.php?rest_route=\/wp\/v2\/posts\/1461","targetHints":{"allow":["GET"]}}],"collection":[{"href":"https:\/\/reparenjalles.saintmedardasso.fr\/index.php?rest_route=\/wp\/v2\/posts"}],"about":[{"href":"https:\/\/reparenjalles.saintmedardasso.fr\/index.php?rest_route=\/wp\/v2\/types\/post"}],"author":[{"embeddable":true,"href":"https:\/\/reparenjalles.saintmedardasso.fr\/index.php?rest_route=\/wp\/v2\/users\/6"}],"replies":[{"embeddable":true,"href":"https:\/\/reparenjalles.saintmedardasso.fr\/index.php?rest_route=%2Fwp%2Fv2%2Fcomments&post=1461"}],"version-history":[{"count":0,"href":"https:\/\/reparenjalles.saintmedardasso.fr\/index.php?rest_route=\/wp\/v2\/posts\/1461\/revisions"}],"wp:attachment":[{"href":"https:\/\/reparenjalles.saintmedardasso.fr\/index.php?rest_route=%2Fwp%2Fv2%2Fmedia&parent=1461"}],"wp:term":[{"taxonomy":"category","embeddable":true,"href":"https:\/\/reparenjalles.saintmedardasso.fr\/index.php?rest_route=%2Fwp%2Fv2%2Fcategories&post=1461"},{"taxonomy":"post_tag","embeddable":true,"href":"https:\/\/reparenjalles.saintmedardasso.fr\/index.php?rest_route=%2Fwp%2Fv2%2Ftags&post=1461"}],"curies":[{"name":"wp","href":"https:\/\/api.w.org\/{rel}","templated":true}]}}