{"id":1271,"date":"2023-01-27T14:55:05","date_gmt":"2023-01-27T12:55:05","guid":{"rendered":"https:\/\/reparenjalles.saintmedardasso.fr\/?p=1271"},"modified":"2023-01-27T14:55:05","modified_gmt":"2023-01-27T12:55:05","slug":"journee-du-21-01-2023","status":"publish","type":"post","link":"https:\/\/reparenjalles.saintmedardasso.fr\/?p=1271","title":{"rendered":"Journ\u00e9e du 21-01-2023"},"content":{"rendered":"<p>Voici quelques photos et le bilan\u00a0 de la <strong>journ\u00e9e de r\u00e9paration<\/strong> du <strong>samedi 21 Janvier 2023<\/strong>.<\/p>\n<style type=\"text\/css\">\n#foogallery-gallery-1262.fg-justified .fg-item { margin-right: 5px; margin-bottom: 5px; }\n#foogallery-gallery-1262.fg-justified .fg-image { height: 80px; }<\/style>\n\t\t\t<div class=\"foogallery foogallery-container foogallery-justified foogallery-lightbox-foobox fg-justified fg-ready fg-light fg-border-thin fg-round-small fg-shadow-outline fg-loading-default fg-loaded-fade-in fg-hover-fade fg-hover-zoom2 fg-transparent-overlays\" id=\"foogallery-gallery-1262\" data-foogallery=\"{&quot;item&quot;:{&quot;showCaptionTitle&quot;:true,&quot;showCaptionDescription&quot;:false},&quot;lazy&quot;:true,&quot;template&quot;:{&quot;rowHeight&quot;:80,&quot;maxRowHeight&quot;:80,&quot;margins&quot;:5,&quot;align&quot;:&quot;center&quot;,&quot;lastRow&quot;:&quot;smart&quot;}}\" style=\"--fg-title-line-clamp: 0; --fg-description-line-clamp: 0;\" >\n\t<div class=\"fg-item fg-type-image fg-idle\"><figure class=\"fg-item-inner\"><a href=\"https:\/\/reparenjalles.saintmedardasso.fr\/wp-content\/uploads\/2023\/01\/IMG_0391_BR_Tiny.jpg\" data-attachment-id=\"1275\" data-type=\"image\" class=\"fg-thumb\"><span class=\"fg-image-wrap\"><img decoding=\"async\" height=\"80\" width=\"107\" class=\"skip-lazy fg-image\" data-src-fg=\"https:\/\/reparenjalles.saintmedardasso.fr\/wp-content\/uploads\/cache\/2023\/01\/IMG_0391_BR_Tiny\/3455649986.jpg\" src=\"data:image\/svg+xml,%3Csvg%20xmlns%3D%22http%3A%2F%2Fwww.w3.org%2F2000%2Fsvg%22%20width%3D%22107%22%20height%3D%2280%22%20viewBox%3D%220%200%20107%2080%22%3E%3C%2Fsvg%3E\" loading=\"eager\"><\/span><span class=\"fg-image-overlay\"><\/span><\/a><\/figure><div class=\"fg-loader\"><\/div><\/div><div class=\"fg-item fg-type-image fg-idle\"><figure class=\"fg-item-inner\"><a href=\"https:\/\/reparenjalles.saintmedardasso.fr\/wp-content\/uploads\/2023\/01\/IMG_0385_BR_Tiny.jpg\" data-attachment-id=\"1274\" data-type=\"image\" class=\"fg-thumb\"><span class=\"fg-image-wrap\"><img decoding=\"async\" height=\"80\" width=\"107\" class=\"skip-lazy fg-image\" data-src-fg=\"https:\/\/reparenjalles.saintmedardasso.fr\/wp-content\/uploads\/cache\/2023\/01\/IMG_0385_BR_Tiny\/3031446941.jpg\" src=\"data:image\/svg+xml,%3Csvg%20xmlns%3D%22http%3A%2F%2Fwww.w3.org%2F2000%2Fsvg%22%20width%3D%22107%22%20height%3D%2280%22%20viewBox%3D%220%200%20107%2080%22%3E%3C%2Fsvg%3E\" loading=\"eager\"><\/span><span class=\"fg-image-overlay\"><\/span><\/a><\/figure><div class=\"fg-loader\"><\/div><\/div><div class=\"fg-item fg-type-image fg-idle\"><figure class=\"fg-item-inner\"><a href=\"https:\/\/reparenjalles.saintmedardasso.fr\/wp-content\/uploads\/2023\/01\/IMG_0384_BR_Tiny.jpg\" data-attachment-id=\"1273\" data-type=\"image\" class=\"fg-thumb\"><span class=\"fg-image-wrap\"><img decoding=\"async\" height=\"80\" width=\"107\" class=\"skip-lazy fg-image\" data-src-fg=\"https:\/\/reparenjalles.saintmedardasso.fr\/wp-content\/uploads\/cache\/2023\/01\/IMG_0384_BR_Tiny\/3468788173.jpg\" src=\"data:image\/svg+xml,%3Csvg%20xmlns%3D%22http%3A%2F%2Fwww.w3.org%2F2000%2Fsvg%22%20width%3D%22107%22%20height%3D%2280%22%20viewBox%3D%220%200%20107%2080%22%3E%3C%2Fsvg%3E\" loading=\"eager\"><\/span><span class=\"fg-image-overlay\"><\/span><\/a><\/figure><div class=\"fg-loader\"><\/div><\/div><\/div>\n\n<p>&nbsp;<\/p>\n<p>Nombre de\u00a0 b\u00e9n\u00e9voles :<\/p>\n<ul>\n<li>le matin :\u00a0\u00a0\u00a0\u00a0\u00a0\u00a0\u00a0\u00a0\u00a0\u00a0 1 \u00e0 l\u2019accueil + 8 aux\u00a0 r\u00e9parations<\/li>\n<li>l\u2019apr\u00e8s midi\u00a0 :\u00a0 1 \u00e0 l\u2019accueil + 5 aux\u00a0 r\u00e9parations<\/li>\n<\/ul>\n<p>31 objets ont \u00e9t\u00e9 examin\u00e9s :<\/p>\n<table style=\"width: 43.1035%;\">\n<tbody>\n<tr>\n<td style=\"width: 49.3221%;\">objets r\u00e9par\u00e9s<\/td>\n<td style=\"width: 12.5601%; text-align: right;\">17<\/td>\n<\/tr>\n<tr>\n<td style=\"width: 49.3221%;\">objets diagnostiqu\u00e9s<\/td>\n<td style=\"width: 12.5601%; text-align: right;\">6<\/td>\n<\/tr>\n<tr>\n<td style=\"width: 49.3221%;\">objets HS<\/td>\n<td style=\"width: 12.5601%; text-align: right;\">8<\/td>\n<\/tr>\n<tr>\n<td style=\"width: 49.3221%;\">abandons de r\u00e9paration<\/td>\n<td style=\"width: 12.5601%; text-align: right;\"><\/td>\n<\/tr>\n<tr>\n<td style=\"width: 49.3221%;\"><strong>TOTAL<\/strong><\/td>\n<td style=\"width: 12.5601%; text-align: right;\"><strong>31<\/strong><\/td>\n<\/tr>\n<\/tbody>\n<\/table>\n","protected":false},"excerpt":{"rendered":"<p>Voici quelques photos et le bilan\u00a0 de la journ\u00e9e de r\u00e9paration du samedi 21 Janvier 2023. &nbsp; Nombre de\u00a0 b\u00e9n\u00e9voles : le matin :\u00a0\u00a0\u00a0\u00a0\u00a0\u00a0\u00a0\u00a0\u00a0\u00a0 1 \u00e0 l\u2019accueil + 8 aux\u00a0 r\u00e9parations l\u2019apr\u00e8s midi\u00a0 :\u00a0 1 \u00e0 l\u2019accueil + 5 aux\u00a0 r\u00e9parations 31 objets ont \u00e9t\u00e9 examin\u00e9s : objets r\u00e9par\u00e9s 17 objets diagnostiqu\u00e9s 6 objets HS &hellip; <a href=\"https:\/\/reparenjalles.saintmedardasso.fr\/?p=1271\" class=\"more-link\">Continuer la lecture de <span class=\"screen-reader-text\">Journ\u00e9e du 21-01-2023<\/span>  <span class=\"meta-nav\">&rarr;<\/span><\/a><\/p>\n","protected":false},"author":7,"featured_media":0,"comment_status":"closed","ping_status":"closed","sticky":false,"template":"","format":"standard","meta":{"footnotes":""},"categories":[5],"tags":[],"class_list":["post-1271","post","type-post","status-publish","format-standard","hentry","category-journees-reparations"],"_links":{"self":[{"href":"https:\/\/reparenjalles.saintmedardasso.fr\/index.php?rest_route=\/wp\/v2\/posts\/1271","targetHints":{"allow":["GET"]}}],"collection":[{"href":"https:\/\/reparenjalles.saintmedardasso.fr\/index.php?rest_route=\/wp\/v2\/posts"}],"about":[{"href":"https:\/\/reparenjalles.saintmedardasso.fr\/index.php?rest_route=\/wp\/v2\/types\/post"}],"author":[{"embeddable":true,"href":"https:\/\/reparenjalles.saintmedardasso.fr\/index.php?rest_route=\/wp\/v2\/users\/7"}],"replies":[{"embeddable":true,"href":"https:\/\/reparenjalles.saintmedardasso.fr\/index.php?rest_route=%2Fwp%2Fv2%2Fcomments&post=1271"}],"version-history":[{"count":0,"href":"https:\/\/reparenjalles.saintmedardasso.fr\/index.php?rest_route=\/wp\/v2\/posts\/1271\/revisions"}],"wp:attachment":[{"href":"https:\/\/reparenjalles.saintmedardasso.fr\/index.php?rest_route=%2Fwp%2Fv2%2Fmedia&parent=1271"}],"wp:term":[{"taxonomy":"category","embeddable":true,"href":"https:\/\/reparenjalles.saintmedardasso.fr\/index.php?rest_route=%2Fwp%2Fv2%2Fcategories&post=1271"},{"taxonomy":"post_tag","embeddable":true,"href":"https:\/\/reparenjalles.saintmedardasso.fr\/index.php?rest_route=%2Fwp%2Fv2%2Ftags&post=1271"}],"curies":[{"name":"wp","href":"https:\/\/api.w.org\/{rel}","templated":true}]}}