{"id":1158,"date":"2018-09-19T11:25:18","date_gmt":"2018-09-19T09:25:18","guid":{"rendered":"http:\/\/reparenjalles.saintmedardasso.fr\/?p=1158"},"modified":"2022-11-04T11:27:15","modified_gmt":"2022-11-04T09:27:15","slug":"rendez-vous-des-possibles-2018","status":"publish","type":"post","link":"https:\/\/reparenjalles.saintmedardasso.fr\/?p=1158","title":{"rendered":"RDV des Possibles 2018"},"content":{"rendered":"<p id=\"seo_h1_tag\" class=\"_5gmx\" style=\"text-align: justify;\" data-testid=\"event-permalink-event-name\">La journ\u00e9e <a href=\"https:\/\/www.facebook.com\/events\/281877925754485\/\" target=\"_blank\" rel=\"noopener\">\u00ab\u00a0Rendez-vous des Possibles\u00a0\u00bb<\/a> organis\u00e9e par St M\u00e9dard &amp; St Aubin en transition, L\u2019Estran, L\u2019ASCO, les Girafes citoyennes \u00e0 l&rsquo;Estran, aura lieu au domaine de Caupian \u00e0 St M\u00e9dard en Jalles le <strong>samedi 22 septembre 2018 de 10 h \u00e0 22 h<\/strong>.<\/p>\n<p><img loading=\"lazy\" decoding=\"async\" class=\"aligncenter wp-image-252 size-medium\" src=\"https:\/\/reparenjalles.saintmedardasso.fr\/wp-content\/uploads\/2018\/09\/rdv_possibles-300x150.jpg\" alt=\"\" width=\"300\" height=\"150\" srcset=\"https:\/\/reparenjalles.saintmedardasso.fr\/wp-content\/uploads\/2018\/09\/rdv_possibles-300x150.jpg 300w, https:\/\/reparenjalles.saintmedardasso.fr\/wp-content\/uploads\/2018\/09\/rdv_possibles-768x384.jpg 768w, https:\/\/reparenjalles.saintmedardasso.fr\/wp-content\/uploads\/2018\/09\/rdv_possibles-1024x512.jpg 1024w, https:\/\/reparenjalles.saintmedardasso.fr\/wp-content\/uploads\/2018\/09\/rdv_possibles.jpg 1299w\" sizes=\"auto, (max-width: 300px) 100vw, 300px\" \/><\/p>\n<p style=\"text-align: justify;\"><strong>R\u00e9par&rsquo;en Jalles<\/strong> y participera avec une pr\u00e9sentation de l&rsquo;Association et quelques exemples de r\u00e9parations .<\/p>\n","protected":false},"excerpt":{"rendered":"<p>La journ\u00e9e \u00ab\u00a0Rendez-vous des Possibles\u00a0\u00bb organis\u00e9e par St M\u00e9dard &amp; St Aubin en transition, L\u2019Estran, L\u2019ASCO, les Girafes citoyennes \u00e0 l&rsquo;Estran, aura lieu au domaine de Caupian \u00e0 St M\u00e9dard en Jalles le samedi 22 septembre 2018 de 10 h \u00e0 22 h. R\u00e9par&rsquo;en Jalles y participera avec une pr\u00e9sentation de l&rsquo;Association et quelques exemples &hellip; <a href=\"https:\/\/reparenjalles.saintmedardasso.fr\/?p=1158\" class=\"more-link\">Continuer la lecture de <span class=\"screen-reader-text\">RDV des Possibles 2018<\/span>  <span class=\"meta-nav\">&rarr;<\/span><\/a><\/p>\n","protected":false},"author":7,"featured_media":0,"comment_status":"closed","ping_status":"closed","sticky":false,"template":"","format":"standard","meta":{"footnotes":""},"categories":[6],"tags":[],"class_list":["post-1158","post","type-post","status-publish","format-standard","hentry","category-evenements-divers"],"_links":{"self":[{"href":"https:\/\/reparenjalles.saintmedardasso.fr\/index.php?rest_route=\/wp\/v2\/posts\/1158","targetHints":{"allow":["GET"]}}],"collection":[{"href":"https:\/\/reparenjalles.saintmedardasso.fr\/index.php?rest_route=\/wp\/v2\/posts"}],"about":[{"href":"https:\/\/reparenjalles.saintmedardasso.fr\/index.php?rest_route=\/wp\/v2\/types\/post"}],"author":[{"embeddable":true,"href":"https:\/\/reparenjalles.saintmedardasso.fr\/index.php?rest_route=\/wp\/v2\/users\/7"}],"replies":[{"embeddable":true,"href":"https:\/\/reparenjalles.saintmedardasso.fr\/index.php?rest_route=%2Fwp%2Fv2%2Fcomments&post=1158"}],"version-history":[{"count":0,"href":"https:\/\/reparenjalles.saintmedardasso.fr\/index.php?rest_route=\/wp\/v2\/posts\/1158\/revisions"}],"wp:attachment":[{"href":"https:\/\/reparenjalles.saintmedardasso.fr\/index.php?rest_route=%2Fwp%2Fv2%2Fmedia&parent=1158"}],"wp:term":[{"taxonomy":"category","embeddable":true,"href":"https:\/\/reparenjalles.saintmedardasso.fr\/index.php?rest_route=%2Fwp%2Fv2%2Fcategories&post=1158"},{"taxonomy":"post_tag","embeddable":true,"href":"https:\/\/reparenjalles.saintmedardasso.fr\/index.php?rest_route=%2Fwp%2Fv2%2Ftags&post=1158"}],"curies":[{"name":"wp","href":"https:\/\/api.w.org\/{rel}","templated":true}]}}